{"id":9611,"date":"2024-08-16T10:56:13","date_gmt":"2024-08-16T07:56:13","guid":{"rendered":"https:\/\/www.aktifinternational.com\/ro\/?p=9611"},"modified":"2025-09-15T11:26:51","modified_gmt":"2025-09-15T08:26:51","slug":"chirurgia-de-augmentare-a-sanilor-in-timpul-verii","status":"publish","type":"post","link":"https:\/\/www.aktifinternational.com\/ro\/chirurgia-de-augmentare-a-sanilor-in-timpul-verii\/","title":{"rendered":"Chirurgia de augmentare a s\u00e2nilor \u00een timpul verii"},"content":{"rendered":"<p>Timp de lectur\u0103 estimat: 5 minute 5 secunde<\/p>\n<div id=\"ez-toc-container\" class=\"ez-toc-v2_0_68_1 counter-hierarchy ez-toc-counter ez-toc-grey ez-toc-container-direction\">\n<div class=\"ez-toc-title-container\">\n<p class=\"ez-toc-title \" >Tabel de con\u021binut<\/p>\n<span class=\"ez-toc-title-toggle\"><a href=\"#\" class=\"ez-toc-pull-right ez-toc-btn ez-toc-btn-xs ez-toc-btn-default ez-toc-toggle\" aria-label=\"Toggle Table of Content\"><span class=\"ez-toc-js-icon-con\"><span class=\"\"><span class=\"eztoc-hide\" style=\"display:none;\">Toggle<\/span><span class=\"ez-toc-icon-toggle-span\"><svg style=\"fill: #999;color:#999\" xmlns=\"http:\/\/www.w3.org\/2000\/svg\" class=\"list-377408\" width=\"20px\" height=\"20px\" viewBox=\"0 0 24 24\" fill=\"none\"><path d=\"M6 6H4v2h2V6zm14 0H8v2h12V6zM4 11h2v2H4v-2zm16 0H8v2h12v-2zM4 16h2v2H4v-2zm16 0H8v2h12v-2z\" fill=\"currentColor\"><\/path><\/svg><svg style=\"fill: #999;color:#999\" class=\"arrow-unsorted-368013\" xmlns=\"http:\/\/www.w3.org\/2000\/svg\" width=\"10px\" height=\"10px\" viewBox=\"0 0 24 24\" version=\"1.2\" baseProfile=\"tiny\"><path d=\"M18.2 9.3l-6.2-6.3-6.2 6.3c-.2.2-.3.4-.3.7s.1.5.3.7c.2.2.4.3.7.3h11c.3 0 .5-.1.7-.3.2-.2.3-.5.3-.7s-.1-.5-.3-.7zM5.8 14.7l6.2 6.3 6.2-6.3c.2-.2.3-.5.3-.7s-.1-.5-.3-.7c-.2-.2-.4-.3-.7-.3h-11c-.3 0-.5.1-.7.3-.2.2-.3.5-.3.7s.1.5.3.7z\"\/><\/svg><\/span><\/span><\/span><\/a><\/span><\/div>\n<nav><ul class='ez-toc-list ez-toc-list-level-1 ' ><li class='ez-toc-page-1 ez-toc-heading-level-2'><a class=\"ez-toc-link ez-toc-heading-1\" href=\"https:\/\/www.aktifinternational.com\/ro\/chirurgia-de-augmentare-a-sanilor-in-timpul-verii\/#Chirurgia_de_augmentare_a_sanilor_in_timpul_verii\" title=\"Chirurgia de augmentare a s\u00e2nilor \u00een timpul verii\">Chirurgia de augmentare a s\u00e2nilor \u00een timpul verii<\/a><ul class='ez-toc-list-level-3' ><li class='ez-toc-heading-level-3'><a class=\"ez-toc-link ez-toc-heading-2\" href=\"https:\/\/www.aktifinternational.com\/ro\/chirurgia-de-augmentare-a-sanilor-in-timpul-verii\/#Mituri_si_realitati\" title=\"Mituri \u0219i realit\u0103\u021bi\">Mituri \u0219i realit\u0103\u021bi<\/a><\/li><li class='ez-toc-page-1 ez-toc-heading-level-3'><a class=\"ez-toc-link ez-toc-heading-3\" href=\"https:\/\/www.aktifinternational.com\/ro\/chirurgia-de-augmentare-a-sanilor-in-timpul-verii\/#Originile_mitului_conform_caruia_vara_nu_se_pot_face_operatii_de_marire_a_sanilor\" title=\"Originile mitului conform c\u0103ruia vara nu se pot face opera\u021bii de m\u0103rire a s\u00e2nilor\">Originile mitului conform c\u0103ruia vara nu se pot face opera\u021bii de m\u0103rire a s\u00e2nilor<\/a><\/li><li class='ez-toc-page-1 ez-toc-heading-level-3'><a class=\"ez-toc-link ez-toc-heading-4\" href=\"https:\/\/www.aktifinternational.com\/ro\/chirurgia-de-augmentare-a-sanilor-in-timpul-verii\/#Temperatura_umflarea_si_recuperarea\" title=\"Temperatura, umflarea \u0219i recuperarea\">Temperatura, umflarea \u0219i recuperarea<\/a><\/li><li class='ez-toc-page-1 ez-toc-heading-level-3'><a class=\"ez-toc-link ez-toc-heading-5\" href=\"https:\/\/www.aktifinternational.com\/ro\/chirurgia-de-augmentare-a-sanilor-in-timpul-verii\/#Bucurandu-se_de_activitatile_de_vara_dupa_chirurgia_mamara\" title=\"Bucur\u00e2ndu-se de activit\u0103\u021bile de var\u0103 dup\u0103 chirurgia mamar\u0103\">Bucur\u00e2ndu-se de activit\u0103\u021bile de var\u0103 dup\u0103 chirurgia mamar\u0103<\/a><\/li><li class='ez-toc-page-1 ez-toc-heading-level-3'><a class=\"ez-toc-link ez-toc-heading-6\" href=\"https:\/\/www.aktifinternational.com\/ro\/chirurgia-de-augmentare-a-sanilor-in-timpul-verii\/#Lumina_soarelui_si_cicatricile\" title=\"Lumina soarelui \u0219i cicatricile\">Lumina soarelui \u0219i cicatricile<\/a><\/li><li class='ez-toc-page-1 ez-toc-heading-level-3'><a class=\"ez-toc-link ez-toc-heading-7\" href=\"https:\/\/www.aktifinternational.com\/ro\/chirurgia-de-augmentare-a-sanilor-in-timpul-verii\/#Avantajele_chirurgiei_de_vara\" title=\"Avantajele chirurgiei de var\u0103\">Avantajele chirurgiei de var\u0103<\/a><\/li><\/ul><\/li><\/ul><\/nav><\/div>\n<h2><span class=\"ez-toc-section\" id=\"Chirurgia_de_augmentare_a_sanilor_in_timpul_verii\"><\/span>Chirurgia de augmentare a s\u00e2nilor \u00een timpul verii<span class=\"ez-toc-section-end\"><\/span><\/h2>\n<h3><span class=\"ez-toc-section\" id=\"Mituri_si_realitati\"><\/span>Mituri \u0219i realit\u0103\u021bi<span class=\"ez-toc-section-end\"><\/span><\/h3>\n<p>Pe m\u0103sur\u0103 ce vara se apropie, mul\u021bi dintre noi a\u0219teapt\u0103 cu ner\u0103bdare soarele, vacan\u021bele \u0219i timpul petrecut \u00een aer liber. Pentru mul\u021bi dintre noi, vara este sinonim\u0103 cu o perioad\u0103 de relaxare \u0219i re\u00eennoire dup\u0103 o lung\u0103 perioad\u0103 de munc\u0103. Cu toate acestea, aceste luni aduc \u00een discu\u021bie \u0219i o \u00eentrebare frecvent\u0103 pentru cei dintre noi care iau \u00een considerare o interven\u021bie chirurgical\u0103 de m\u0103rire a s\u00e2nilor: Opera\u021bia de m\u0103rire a s\u00e2nilor poate fi efectuat\u0103 \u00een timpul verii?<\/p>\n<p>Ideea gre\u0219it\u0103 conform c\u0103reia opera\u021bia de m\u0103rire a s\u00e2nilor nu poate fi efectuat\u0103 \u00een lunile de var\u0103 face ca multe dintre noi s\u0103 ezite s\u0103 se opereze \u00een aceste luni ale anului. S\u0103 analiz\u0103m de ce exist\u0103 acest mit \u0219i de ce vara poate fi, de fapt, o perioad\u0103 excelent\u0103 pentru o interven\u021bie chirurgical\u0103 de m\u0103rire a s\u00e2nilor.<\/p>\n<h3><span class=\"ez-toc-section\" id=\"Originile_mitului_conform_caruia_vara_nu_se_pot_face_operatii_de_marire_a_sanilor\"><\/span>Originile mitului conform c\u0103ruia vara nu se pot face opera\u021bii de m\u0103rire a s\u00e2nilor<span class=\"ez-toc-section-end\"><\/span><\/h3>\n<p>Credin\u021ba c\u0103 opera\u021bia de m\u0103rire a s\u00e2nilor nu ar trebui efectuat\u0103 \u00een lunile de var\u0103 se bazeaz\u0103 pe unele \u00eengrijor\u0103ri de \u00een\u021beles, dar \u00een mare parte nefondate. \u00cen primul r\u00e2nd, exist\u0103 teama c\u0103 c\u0103ldura va cre\u0219te umflarea \u0219i v\u00e2n\u0103t\u0103ile. \u00cen al doilea r\u00e2nd, oamenii se tem c\u0103 procesul de vindecare \u00eei va \u00eempiedica s\u0103 se bucure de activit\u0103\u021bile de var\u0103, cum ar fi \u00eenotul \u0219i plaj\u0103. \u00cen cele din urm\u0103, exist\u0103 concep\u021bia gre\u0219it\u0103 c\u0103 cicatricile se vor agrava dac\u0103 sunt expuse la soarele verii.<\/p>\n<p>De\u0219i aceste \u00eengrijor\u0103ri sunt reale, progresele \u00een materie de proceduri medicale \u0219i \u00eengrijire postoperatorie au redus considerabil aceste probleme. S\u0103 ne uit\u0103m la fiecare dintre aceste puncte \u0219i s\u0103 vedem cum miturile sunt \u00eenl\u0103turate unul c\u00e2te unul.<\/p>\n<h3><span class=\"ez-toc-section\" id=\"Temperatura_umflarea_si_recuperarea\"><\/span>Temperatura, umflarea \u0219i recuperarea<span class=\"ez-toc-section-end\"><\/span><\/h3>\n<p>De\u0219i este adev\u0103rat c\u0103 c\u0103ldura poate contribui la umfl\u0103turi \u0219i edeme dup\u0103 opera\u021bia de m\u0103rire a s\u00e2nilor, tehnicile chirurgicale moderne \u0219i \u00eengrijirea postoperatorie atent\u0103 au redus foarte mult inciden\u021ba \u0219i severitatea umfl\u0103turilor comparativ cu trecutul. Chirurgii no\u0219tri utilizeaz\u0103 metode meticuloase pentru a minimiza traumatismele \u021besuturilor \u0219i ofer\u0103 planuri detaliate de recuperare pentru a gestiona eficient umflarea postoperatorie.<\/p>\n<p>\u00cen plus, indiferent dac\u0103 opera\u021bia noastr\u0103 este efectuat\u0103 vara sau iarna, chirurgul nostru ne va sf\u0103tui s\u0103 ne odihnim \u0219i s\u0103 ne limit\u0103m activitatea fizic\u0103 pentru o perioad\u0103 de timp dup\u0103 opera\u021bie. Acest lucru \u00eenseamn\u0103 c\u0103 va trebui s\u0103 v\u0103 odihni\u021bi timp de mai multe s\u0103pt\u0103m\u00e2ni, indiferent de anotimp. \u00cen timpul verii, \u00een mediul nostru de odihn\u0103 la o temperatur\u0103 ideal\u0103, cu aer condi\u021bionat \u0219i hidratare adecvat\u0103, este posibil s\u0103 elimin\u0103m posibila umfl\u0103tur\u0103 indus\u0103 de c\u0103ldur\u0103. De fapt, lunile de var\u0103 pot fi mult mai propice pentru chirurgia mamar\u0103, deoarece este o perioad\u0103 \u00een care multe persoane \u00ee\u0219i iau liber de la serviciu sau de la \u0219coal\u0103 \u0219i se pot concentra pe deplin asupra recuper\u0103rii, f\u0103r\u0103 stresul echilibr\u0103rii responsabilit\u0103\u021bilor zilnice.<\/p>\n<h3><span class=\"ez-toc-section\" id=\"Bucurandu-se_de_activitatile_de_vara_dupa_chirurgia_mamara\"><\/span>Bucur\u00e2ndu-se de activit\u0103\u021bile de var\u0103 dup\u0103 chirurgia mamar\u0103<span class=\"ez-toc-section-end\"><\/span><\/h3>\n<p>O alt\u0103 \u00eengrijorare frecvent\u0103 este c\u0103 o interven\u021bie chirurgical\u0103 \u00een timpul verii v\u0103 va \u00eempiedica s\u0103 v\u0103 bucura\u021bi de activit\u0103\u021bile tipice de var\u0103. De\u0219i este adev\u0103rat c\u0103 este posibil s\u0103 trebuiasc\u0103 s\u0103 evit\u0103m anumite activit\u0103\u021bi, cum ar fi \u00eenotul sau exerci\u021biile fizice intense, timp de c\u00e2teva s\u0103pt\u0103m\u00e2ni, timpul general de recuperare pentru multe proceduri chirurgicale, inclusiv augmentarea s\u00e2nilor, este relativ scurt \u0219i este clar c\u0103, dac\u0103 face\u021bi ajust\u0103rile corespunz\u0103toare la programul dumneavoastr\u0103 de var\u0103, \u00eentreaga var\u0103 nu va \u00eensemna s\u0103 sta\u021bi departe de plaj\u0103 sau piscin\u0103.<\/p>\n<p>Chirurgii ne permit de obicei s\u0103 ne relu\u0103m majoritatea activit\u0103\u021bilor normale la patru p\u00e2n\u0103 la \u0219ase s\u0103pt\u0103m\u00e2ni dup\u0103 opera\u021bie. Program\u00e2nd opera\u021bia la \u00eenceputul verii, de exemplu, ne putem recupera complet p\u00e2n\u0103 la sf\u00e2r\u0219itul verii \u0219i ne putem bucura de restul sezonului ar\u0103t\u00e2nd c\u00e2t mai bine. De asemenea, putem alege s\u0103 ne facem opera\u021bia dup\u0103 vacan\u021ba de var\u0103. Totul depinde de noi. De asemenea, este important s\u0103 re\u021bine\u021bi c\u0103 multe persoane prefer\u0103 s\u0103 petreac\u0103 mai mult timp acas\u0103 \u0219i s\u0103 se odihneasc\u0103 \u00een timpul verii, astfel \u00eenc\u00e2t prefer\u0103 aceast\u0103 perioad\u0103 pentru recuperare.<\/p>\n<h3><span class=\"ez-toc-section\" id=\"Lumina_soarelui_si_cicatricile\"><\/span>Lumina soarelui \u0219i cicatricile<span class=\"ez-toc-section-end\"><\/span><\/h3>\n<p>Poate cea mai important\u0103 preocupare legat\u0103 de opera\u021biile de var\u0103 este efectul luminii solare asupra vindec\u0103rii r\u0103nilor. De\u0219i este adev\u0103rat c\u0103 razele UV pot \u00eentuneca cicatricile \u0219i pot \u00eempiedica vindecarea, acest risc poate fi gestionat cu o \u00eengrijire adecvat\u0103. Dup\u0103 opera\u021bie, chirurgul v\u0103 va sf\u0103tui s\u0103 acoperi\u021bi zona inciziei \u0219i s\u0103 aplica\u021bi o crem\u0103 de protec\u021bie solar\u0103 cu SPF ridicat pe zona de vindecare timp de c\u00e2teva luni.<\/p>\n<p>\u00cen plus, tehnicile \u0219i produsele chirurgicale moderne au \u00eembun\u0103t\u0103\u021bit semnificativ gestionarea cicatricilor. Cear\u0219afurile de silicon, gelurile \u0219i alte tratamente pot ajuta la reducerea aspectului cicatricilor. Chirurgii no\u0219tri ofer\u0103 instruc\u021biuni detaliate de \u00eengrijire a pl\u0103gilor pentru a asigura cele mai bune rezultate ale vindec\u0103rii. Prin urmare, cu o \u00eengrijire atent\u0103, este posibil s\u0103 ne protej\u0103m cicatricile de leziunile provocate de soare chiar \u0219i \u00een timpul lunilor de var\u0103.<\/p>\n<h3><span class=\"ez-toc-section\" id=\"Avantajele_chirurgiei_de_vara\"><\/span>Avantajele chirurgiei de var\u0103<span class=\"ez-toc-section-end\"><\/span><\/h3>\n<p>Optarea pentru chirurgia de var\u0103 poate oferi beneficii unice. Dup\u0103 cum am men\u021bionat mai sus, mul\u021bi oameni au programe mai flexibile \u00een aceast\u0103 perioad\u0103 a anului. Acest lucru face mai u\u0219or s\u0103 v\u0103 lua\u021bi timp liber pentru opera\u021bie \u0219i recuperare. De asemenea, orele de lumin\u0103 mai lungi \u0219i o atmosfer\u0103 general\u0103 mai relaxat\u0103 pot contribui la o experien\u021b\u0103 de recuperare pozitiv\u0103.<\/p>\n<p>\u00cen plus, interven\u021bia chirurgical\u0103 din timpul verii v\u0103 permite s\u0103 v\u0103 bucura\u021bi pe deplin de rezultate atunci c\u00e2nd sosesc lunile de toamn\u0103 \u0219i iarn\u0103. Fie c\u0103 este vorba de a v\u0103 sim\u021bi mai \u00eencrez\u0103tor \u00een aspectul dvs. la \u00eent\u00e2lnirile de s\u0103rb\u0103tori sau de a petrece timp cu un corp re\u00eemprosp\u0103tat \u00een timpul lunilor mai reci. Pe scurt, nu sunte\u021bi limitat de anotimpuri \u0219i pute\u021bi alege momentul ideal pentru dumneavoastr\u0103.<\/p>\n","protected":false},"excerpt":{"rendered":"<p>Timp de lectur\u0103 estimat: 5 minute 5 secunde Chirurgia de augmentare a s\u00e2nilor \u00een timpul verii Mituri \u0219i realit\u0103\u021bi Pe m\u0103sur\u0103 ce vara se apropie, mul\u021bi dintre noi a\u0219teapt\u0103 cu ner\u0103bdare soarele, vacan\u021bele \u0219i timpul petrecut \u00een aer liber. Pentru mul\u021bi dintre noi, vara este sinonim\u0103 cu o perioad\u0103 de relaxare \u0219i re\u00eennoire dup\u0103 o [&hellip;]<\/p>\n","protected":false},"author":4,"featured_media":9613,"comment_status":"open","ping_status":"open","sticky":false,"template":"","format":"standard","meta":{"footnotes":""},"categories":[17],"tags":[],"class_list":["post-9611","post","type-post","status-publish","format-standard","has-post-thumbnail","hentry","category-blog"],"_links":{"self":[{"href":"https:\/\/www.aktifinternational.com\/ro\/wp-json\/wp\/v2\/posts\/9611","targetHints":{"allow":["GET"]}}],"collection":[{"href":"https:\/\/www.aktifinternational.com\/ro\/wp-json\/wp\/v2\/posts"}],"about":[{"href":"https:\/\/www.aktifinternational.com\/ro\/wp-json\/wp\/v2\/types\/post"}],"author":[{"embeddable":true,"href":"https:\/\/www.aktifinternational.com\/ro\/wp-json\/wp\/v2\/users\/4"}],"replies":[{"embeddable":true,"href":"https:\/\/www.aktifinternational.com\/ro\/wp-json\/wp\/v2\/comments?post=9611"}],"version-history":[{"count":4,"href":"https:\/\/www.aktifinternational.com\/ro\/wp-json\/wp\/v2\/posts\/9611\/revisions"}],"predecessor-version":[{"id":11799,"href":"https:\/\/www.aktifinternational.com\/ro\/wp-json\/wp\/v2\/posts\/9611\/revisions\/11799"}],"wp:featuredmedia":[{"embeddable":true,"href":"https:\/\/www.aktifinternational.com\/ro\/wp-json\/wp\/v2\/media\/9613"}],"wp:attachment":[{"href":"https:\/\/www.aktifinternational.com\/ro\/wp-json\/wp\/v2\/media?parent=9611"}],"wp:term":[{"taxonomy":"category","embeddable":true,"href":"https:\/\/www.aktifinternational.com\/ro\/wp-json\/wp\/v2\/categories?post=9611"},{"taxonomy":"post_tag","embeddable":true,"href":"https:\/\/www.aktifinternational.com\/ro\/wp-json\/wp\/v2\/tags?post=9611"}],"curies":[{"name":"wp","href":"https:\/\/api.w.org\/{rel}","templated":true}]}}