{"id":9607,"date":"2024-08-16T10:21:27","date_gmt":"2024-08-16T07:21:27","guid":{"rendered":"https:\/\/www.aktifinternational.com\/ro\/?p=9607"},"modified":"2025-09-15T11:28:21","modified_gmt":"2025-09-15T08:28:21","slug":"operatia-de-ridicare-a-sanilor-in-timpul-verii","status":"publish","type":"post","link":"https:\/\/www.aktifinternational.com\/ro\/operatia-de-ridicare-a-sanilor-in-timpul-verii\/","title":{"rendered":"Opera\u021bia de ridicare a s\u00e2nilor \u00een timpul verii"},"content":{"rendered":"<p>Timp estimat de citire: 5 minute 13 secunde<\/p>\n<div id=\"ez-toc-container\" class=\"ez-toc-v2_0_68_1 counter-hierarchy ez-toc-counter ez-toc-grey ez-toc-container-direction\">\n<div class=\"ez-toc-title-container\">\n<p class=\"ez-toc-title \" >Tabel de con\u021binut<\/p>\n<span class=\"ez-toc-title-toggle\"><a href=\"#\" class=\"ez-toc-pull-right ez-toc-btn ez-toc-btn-xs ez-toc-btn-default ez-toc-toggle\" aria-label=\"Toggle Table of Content\"><span class=\"ez-toc-js-icon-con\"><span class=\"\"><span class=\"eztoc-hide\" style=\"display:none;\">Toggle<\/span><span class=\"ez-toc-icon-toggle-span\"><svg style=\"fill: #999;color:#999\" xmlns=\"http:\/\/www.w3.org\/2000\/svg\" class=\"list-377408\" width=\"20px\" height=\"20px\" viewBox=\"0 0 24 24\" fill=\"none\"><path d=\"M6 6H4v2h2V6zm14 0H8v2h12V6zM4 11h2v2H4v-2zm16 0H8v2h12v-2zM4 16h2v2H4v-2zm16 0H8v2h12v-2z\" fill=\"currentColor\"><\/path><\/svg><svg style=\"fill: #999;color:#999\" class=\"arrow-unsorted-368013\" xmlns=\"http:\/\/www.w3.org\/2000\/svg\" width=\"10px\" height=\"10px\" viewBox=\"0 0 24 24\" version=\"1.2\" baseProfile=\"tiny\"><path d=\"M18.2 9.3l-6.2-6.3-6.2 6.3c-.2.2-.3.4-.3.7s.1.5.3.7c.2.2.4.3.7.3h11c.3 0 .5-.1.7-.3.2-.2.3-.5.3-.7s-.1-.5-.3-.7zM5.8 14.7l6.2 6.3 6.2-6.3c.2-.2.3-.5.3-.7s-.1-.5-.3-.7c-.2-.2-.4-.3-.7-.3h-11c-.3 0-.5.1-.7.3-.2.2-.3.5-.3.7s.1.5.3.7z\"\/><\/svg><\/span><\/span><\/span><\/a><\/span><\/div>\n<nav><ul class='ez-toc-list ez-toc-list-level-1 ' ><li class='ez-toc-page-1 ez-toc-heading-level-2'><a class=\"ez-toc-link ez-toc-heading-1\" href=\"https:\/\/www.aktifinternational.com\/ro\/operatia-de-ridicare-a-sanilor-in-timpul-verii\/#Operatia_de_ridicare_a_sanilor_in_timpul_verii\" title=\"Opera\u021bia de ridicare a s\u00e2nilor \u00een timpul verii\">Opera\u021bia de ridicare a s\u00e2nilor \u00een timpul verii<\/a><ul class='ez-toc-list-level-3' ><li class='ez-toc-heading-level-3'><a class=\"ez-toc-link ez-toc-heading-2\" href=\"https:\/\/www.aktifinternational.com\/ro\/operatia-de-ridicare-a-sanilor-in-timpul-verii\/#Fapte_si_mituri\" title=\"Fapte \u0219i mituri\">Fapte \u0219i mituri<\/a><\/li><li class='ez-toc-page-1 ez-toc-heading-level-3'><a class=\"ez-toc-link ez-toc-heading-3\" href=\"https:\/\/www.aktifinternational.com\/ro\/operatia-de-ridicare-a-sanilor-in-timpul-verii\/#Operatia_de_ridicare_a_sanilor_si_lunile_de_vara\" title=\"Opera\u021bia de ridicare a s\u00e2nilor \u0219i lunile de var\u0103\">Opera\u021bia de ridicare a s\u00e2nilor \u0219i lunile de var\u0103<\/a><\/li><li class='ez-toc-page-1 ez-toc-heading-level-3'><a class=\"ez-toc-link ez-toc-heading-4\" href=\"https:\/\/www.aktifinternational.com\/ro\/operatia-de-ridicare-a-sanilor-in-timpul-verii\/#Vremea_calda_si_procesul_de_recuperare\" title=\"Vremea cald\u0103 \u0219i procesul de recuperare\">Vremea cald\u0103 \u0219i procesul de recuperare<\/a><\/li><li class='ez-toc-page-1 ez-toc-heading-level-3'><a class=\"ez-toc-link ez-toc-heading-5\" href=\"https:\/\/www.aktifinternational.com\/ro\/operatia-de-ridicare-a-sanilor-in-timpul-verii\/#Efectul_razelor_solare\" title=\"Efectul razelor solare\">Efectul razelor solare<\/a><\/li><li class='ez-toc-page-1 ez-toc-heading-level-3'><a class=\"ez-toc-link ez-toc-heading-6\" href=\"https:\/\/www.aktifinternational.com\/ro\/operatia-de-ridicare-a-sanilor-in-timpul-verii\/#Planurile_de_vacanta_si_momentul_interventiei_chirurgicale\" title=\"Planurile de vacan\u021b\u0103 \u0219i momentul interven\u021biei chirurgicale\">Planurile de vacan\u021b\u0103 \u0219i momentul interven\u021biei chirurgicale<\/a><\/li><li class='ez-toc-page-1 ez-toc-heading-level-3'><a class=\"ez-toc-link ez-toc-heading-7\" href=\"https:\/\/www.aktifinternational.com\/ro\/operatia-de-ridicare-a-sanilor-in-timpul-verii\/#Importanta_ingrijirii_corespunzatoare\" title=\"Importan\u021ba \u00eengrijirii corespunz\u0103toare\">Importan\u021ba \u00eengrijirii corespunz\u0103toare<\/a><\/li><\/ul><\/li><\/ul><\/nav><\/div>\n<h2><span class=\"ez-toc-section\" id=\"Operatia_de_ridicare_a_sanilor_in_timpul_verii\"><\/span>Opera\u021bia de ridicare a s\u00e2nilor \u00een timpul verii<span class=\"ez-toc-section-end\"><\/span><\/h2>\n<h3><span class=\"ez-toc-section\" id=\"Fapte_si_mituri\"><\/span>Fapte \u0219i mituri<span class=\"ez-toc-section-end\"><\/span><\/h3>\n<p>Vara a sosit \u00een sf\u00e2r\u0219it. Suntem acum \u00een mijlocul sezonului de vacan\u021b\u0103, c\u00e2nd soarele str\u0103luce\u0219te \u0219i ne bucur\u0103m de mare \u0219i piscine. Mul\u021bi dintre noi am auzit c\u0103 ar trebui s\u0103 st\u0103m departe de chirurgia plastic\u0103 \u00een aceste luni. Exist\u0103 o convingere comun\u0103 c\u0103 lunile de var\u0103 nu sunt deosebit de bune pentru opera\u021bia de ridicare a s\u00e2nilor, dar c\u00e2t de adev\u0103rat\u0103 este aceast\u0103 convingere? Care sunt avantajele \u0219i dezavantajele unei opera\u021bii de ridicare a s\u00e2nilor \u00een timpul verii? Haide\u021bi s\u0103 descoperim \u00eempreun\u0103 r\u0103spunsurile la aceste \u00eentreb\u0103ri.<\/p>\n<p>Mai \u00eent\u00e2i de toate, s\u0103 spunem c\u0103 ideea c\u0103 opera\u021biile estetice nu ar trebui efectuate vara se bazeaz\u0103 \u00een mare parte pe concep\u021bii gre\u0219ite. Vremea cald\u0103, soarele \u0219i activit\u0103\u021bile de vacan\u021b\u0103 \u00eei pot face pe oameni s\u0103 cread\u0103 c\u0103 exist\u0103 riscuri crescute asociate cu interven\u021biile chirurgicale \u00een aceast\u0103 perioad\u0103 a anului. De\u0219i exist\u0103 unele riscuri asociate cu interven\u021biile chirurgicale de var\u0103, progresele din medicina modern\u0103 \u0219i chirurgia plastic\u0103 au f\u0103cut posibil\u0103 efectuarea \u00een siguran\u021b\u0103 a interven\u021biilor chirurgicale \u00een timpul lunilor de var\u0103.<\/p>\n<h3><span class=\"ez-toc-section\" id=\"Operatia_de_ridicare_a_sanilor_si_lunile_de_vara\"><\/span>Opera\u021bia de ridicare a s\u00e2nilor \u0219i lunile de var\u0103<span class=\"ez-toc-section-end\"><\/span><\/h3>\n<p>Opera\u021bia de ridicare a s\u00e2nilor ofer\u0103 un aspect mai t\u00e2n\u0103r \u0219i mai proasp\u0103t s\u00e2nilor care au c\u0103zut \u0219i \u0219i-au pierdut volumul \u00een timp. De\u0219i aceast\u0103 interven\u021bie chirurgical\u0103 este preferat\u0103 \u00een general din motive estetice, este, de asemenea, foarte important\u0103 \u00een ceea ce prive\u0219te cre\u0219terea \u00eencrederii \u00een sine \u0219i ajutarea persoanei s\u0103 se simt\u0103 mai bine.<\/p>\n<h3><span class=\"ez-toc-section\" id=\"Vremea_calda_si_procesul_de_recuperare\"><\/span>Vremea cald\u0103 \u0219i procesul de recuperare<span class=\"ez-toc-section-end\"><\/span><\/h3>\n<p>Unul dintre cele mai importante lucruri de care trebuie s\u0103 \u021bine\u021bi cont \u00een timpul procesului de recuperare postoperatorie este s\u0103 men\u021bine\u021bi zona chirurgical\u0103 curat\u0103 \u0219i lipsit\u0103 de infec\u021bii. Vremea cald\u0103 \u0219i transpira\u021bia pot cre\u0219te riscul de infec\u021bie. Prin urmare, trebuie s\u0103 acord\u0103m o aten\u021bie deosebit\u0103 igienei \u00een timpul primelor c\u00e2teva s\u0103pt\u0103m\u00e2ni. Desigur, este posibil s\u0103 men\u021binem cur\u0103\u021benia necesar\u0103 prin atingerea frecvent\u0103 a zonei chirurgicale \u0219i cur\u0103\u021barea zonei. Av\u00e2nd \u00een vedere c\u0103 vara purt\u0103m haine lejere \u0219i u\u0219oare, este evident c\u0103 \u00een aceste luni dup\u0103 opera\u021bie vom fi mai confortabili, at\u00e2t \u00een ceea ce prive\u0219te igiena, c\u00e2t \u0219i \u00een ceea ce prive\u0219te \u00eembr\u0103carea \u0219i scoaterea hainelor noi.<\/p>\n<p>\u00centrebarea dac\u0103 chirurgia plastic\u0103 poate fi efectuat\u0103 vara este o \u00eentrebare de tipul \u201eda, dar&#8230;\u201d, iar acela\u0219i r\u0103spuns este valabil \u0219i pentru lunile de iarn\u0103. Este cu siguran\u021b\u0103 posibil s\u0103 se fac\u0103 o opera\u021bie estetic\u0103 \u00een timpul verii. \u00cen unele privin\u021be, poate avea chiar avantaje, dar este demn de remarcat faptul c\u0103 exist\u0103 unele puncte de luat \u00een considerare \u00een timpul procesului de vindecare. De exemplu, este important s\u0103 v\u0103 proteja\u021bi de soare, s\u0103 acorda\u021bi aten\u021bie igienei \u0219i s\u0103 urma\u021bi cu stricte\u021be recomand\u0103rile medicului dumneavoastr\u0103.<\/p>\n<h3><span class=\"ez-toc-section\" id=\"Efectul_razelor_solare\"><\/span>Efectul razelor solare<span class=\"ez-toc-section-end\"><\/span><\/h3>\n<p>Efectul razelor soarelui asupra cicatricilor chirurgicale este, de asemenea, una dintre cele mai frecvente \u00eentreb\u0103ri. Expunerea la soare poate face ca cicatricile chirurgicale s\u0103 devin\u0103 mai proeminente \u0219i s\u0103 prelungeasc\u0103 procesul de vindecare. Prin urmare, este important s\u0103 proteja\u021bi zona operat\u0103 de soare \u00een primele c\u00e2teva luni dup\u0103 interven\u021bie.<\/p>\n<p>Utilizarea cremei de protec\u021bie solar\u0103 \u0219i alegerea unor haine care protejeaz\u0103 zona chirurgical\u0103 de lumina direct\u0103 a soarelui sunt printre cele mai bune m\u0103suri care pot fi luate \u00een aceast\u0103 perioad\u0103. \u00cen plus, trebuie s\u0103 avem grij\u0103 s\u0103 nu fim \u00een aer liber \u00een timpul orelor \u00een care soarele este cel mai eficient (10:00-16:00).<\/p>\n<p>Este mai riscant\u0103 interven\u021bia chirurgical\u0103 \u00een timpul verii? Chirurgia \u00een timpul lunilor de var\u0103 poate prezenta unele provoc\u0103ri unice, dar riscurile interven\u021biei chirurgicale \u00een aceast\u0103 perioad\u0103 pot fi reduse la minimum cu ajutorul tehnicilor medicale moderne \u0219i al \u00eengrijirii corespunz\u0103toare. Protejarea de efectele negative ale vremii calde \u0219i ale soarelui va asigura un proces de vindecare f\u0103r\u0103 probleme.<\/p>\n<h3><span class=\"ez-toc-section\" id=\"Planurile_de_vacanta_si_momentul_interventiei_chirurgicale\"><\/span>Planurile de vacan\u021b\u0103 \u0219i momentul interven\u021biei chirurgicale<span class=\"ez-toc-section-end\"><\/span><\/h3>\n<p>Vara este cunoscut\u0103 drept sezonul vacan\u021belor, iar mul\u021bi oameni \u00ee\u0219i iau vacan\u021be care includ activit\u0103\u021bi la plaj\u0103 sau la piscin\u0103. A\u0219adar, cum ar trebui s\u0103-\u0219i planifice planurile de vacan\u021b\u0103 o persoan\u0103 care a suferit o opera\u021bie de ridicare a s\u00e2nilor?<\/p>\n<p>\u00cen primele c\u00e2teva s\u0103pt\u0103m\u00e2ni dup\u0103 opera\u021bie, va fi necesar s\u0103 se evite oceanul \u0219i piscinele. Deoarece contactul cicatricilor cu apa poate cre\u0219te riscul de infec\u021bie, trebuie s\u0103 avem grij\u0103 s\u0103 nu intr\u0103m \u00een ap\u0103 pentru perioada de timp recomandat\u0103 de medicul nostru. Dup\u0103 procesul de vindecare, ne vom putea bucura de vacan\u021b\u0103 cu aprobarea medicului nostru.<\/p>\n<p>C\u00e2nd pot merge la mare dup\u0103 opera\u021bia de ridicare a s\u00e2nilor? \u00cen general, \u00eenotul \u00een mare \u0219i piscinele trebuie evitate \u00een primele 4-6 s\u0103pt\u0103m\u00e2ni dup\u0103 opera\u021bie. Procesul de vindecare poate varia de la o persoan\u0103 la alta. Din acest motiv, ar trebui s\u0103 ne consult\u0103m chirurgul pentru cele mai exacte informa\u021bii privind calendarul.<\/p>\n<h3><span class=\"ez-toc-section\" id=\"Importanta_ingrijirii_corespunzatoare\"><\/span>Importan\u021ba \u00eengrijirii corespunz\u0103toare<span class=\"ez-toc-section-end\"><\/span><\/h3>\n<p>Recuperarea dup\u0103 opera\u021bia de ridicare a s\u00e2nilor necesit\u0103 \u00eengrijire atent\u0103 \u0219i atent\u0103. \u00cen vreme cald\u0103, men\u021binerea zonei chirurgicale curate \u0219i uscate minimizeaz\u0103 riscul de infec\u021bie. \u00cen plus, purtarea unui sutien medical, conform recomand\u0103rii medicului dumneavoastr\u0103, va asigura c\u0103 zona s\u00e2nilor este sus\u021binut\u0103 corespunz\u0103tor \u0219i c\u0103 procesul de vindecare decurge f\u0103r\u0103 probleme.<\/p>\n<p>\u00cen perioada postoperatorie, ar trebui s\u0103 prefer\u0103m \u021bes\u0103turile din bumbac \u00een \u00eembr\u0103c\u0103mintea noastr\u0103. \u021aes\u0103turile cu un con\u021binut ridicat de bumbac contribuie la procesul nostru de vindecare, permi\u021b\u00e2nd pielii noastre s\u0103 respire. \u00cen plus, purtarea de haine lejere \u0219i u\u0219oare ne va face perioada postoperatorie mai confortabil\u0103.<\/p>\n<p>Dup\u0103 cum pute\u021bi vedea din ceea ce am scris p\u00e2n\u0103 acum, opera\u021bia de ridicare a s\u00e2nilor poate fi efectuat\u0103 \u00een siguran\u021b\u0103 \u00een lunile de var\u0103. Cel mai important lucru este s\u0103 acord\u0103m aten\u021bie punctelor care trebuie luate \u00een considerare \u00een perioada postoperatorie \u0219i s\u0103 urm\u0103m \u00eentocmai recomand\u0103rile medicului. \u00cen acest fel, putem ob\u021bine un aspect mai t\u00e2n\u0103r \u0219i mai vibrant, f\u0103r\u0103 a sacrifica frumuse\u021bea verii. Nu uita\u021bi c\u0103 este posibil s\u0103 ob\u021bine\u021bi aspectul la care visa\u021bi \u00een timpul lunilor de var\u0103 dac\u0103 acorda\u021bi aten\u021bia necesar\u0103.<\/p>\n","protected":false},"excerpt":{"rendered":"<p>Timp estimat de citire: 5 minute 13 secunde Opera\u021bia de ridicare a s\u00e2nilor \u00een timpul verii Fapte \u0219i mituri Vara a sosit \u00een sf\u00e2r\u0219it. Suntem acum \u00een mijlocul sezonului de vacan\u021b\u0103, c\u00e2nd soarele str\u0103luce\u0219te \u0219i ne bucur\u0103m de mare \u0219i piscine. Mul\u021bi dintre noi am auzit c\u0103 ar trebui s\u0103 st\u0103m departe de chirurgia plastic\u0103 [&hellip;]<\/p>\n","protected":false},"author":4,"featured_media":9608,"comment_status":"open","ping_status":"open","sticky":false,"template":"","format":"standard","meta":{"footnotes":""},"categories":[17],"tags":[],"class_list":["post-9607","post","type-post","status-publish","format-standard","has-post-thumbnail","hentry","category-blog"],"_links":{"self":[{"href":"https:\/\/www.aktifinternational.com\/ro\/wp-json\/wp\/v2\/posts\/9607","targetHints":{"allow":["GET"]}}],"collection":[{"href":"https:\/\/www.aktifinternational.com\/ro\/wp-json\/wp\/v2\/posts"}],"about":[{"href":"https:\/\/www.aktifinternational.com\/ro\/wp-json\/wp\/v2\/types\/post"}],"author":[{"embeddable":true,"href":"https:\/\/www.aktifinternational.com\/ro\/wp-json\/wp\/v2\/users\/4"}],"replies":[{"embeddable":true,"href":"https:\/\/www.aktifinternational.com\/ro\/wp-json\/wp\/v2\/comments?post=9607"}],"version-history":[{"count":6,"href":"https:\/\/www.aktifinternational.com\/ro\/wp-json\/wp\/v2\/posts\/9607\/revisions"}],"predecessor-version":[{"id":11800,"href":"https:\/\/www.aktifinternational.com\/ro\/wp-json\/wp\/v2\/posts\/9607\/revisions\/11800"}],"wp:featuredmedia":[{"embeddable":true,"href":"https:\/\/www.aktifinternational.com\/ro\/wp-json\/wp\/v2\/media\/9608"}],"wp:attachment":[{"href":"https:\/\/www.aktifinternational.com\/ro\/wp-json\/wp\/v2\/media?parent=9607"}],"wp:term":[{"taxonomy":"category","embeddable":true,"href":"https:\/\/www.aktifinternational.com\/ro\/wp-json\/wp\/v2\/categories?post=9607"},{"taxonomy":"post_tag","embeddable":true,"href":"https:\/\/www.aktifinternational.com\/ro\/wp-json\/wp\/v2\/tags?post=9607"}],"curies":[{"name":"wp","href":"https:\/\/api.w.org\/{rel}","templated":true}]}}