{"id":1086,"date":"2023-11-02T21:12:10","date_gmt":"2023-11-02T18:12:10","guid":{"rendered":"https:\/\/www.hurremsultanhastanesi.com.tr\/?p=1086"},"modified":"2025-09-17T11:09:17","modified_gmt":"2025-09-17T08:09:17","slug":"chirurgie-adenoida","status":"publish","type":"post","link":"https:\/\/www.aktifinternational.com\/ro\/chirurgie-adenoida\/","title":{"rendered":"Chirurgie adenoid\u0103"},"content":{"rendered":"<p>Timp estimat de citire: 2 minute \u0219i 60 de secunde<\/p>\n<div id=\"ez-toc-container\" class=\"ez-toc-v2_0_68_1 counter-hierarchy ez-toc-counter ez-toc-grey ez-toc-container-direction\">\n<div class=\"ez-toc-title-container\">\n<p class=\"ez-toc-title \" >Tabel de con\u021binut<\/p>\n<span class=\"ez-toc-title-toggle\"><a href=\"#\" class=\"ez-toc-pull-right ez-toc-btn ez-toc-btn-xs ez-toc-btn-default ez-toc-toggle\" aria-label=\"Toggle Table of Content\"><span class=\"ez-toc-js-icon-con\"><span class=\"\"><span class=\"eztoc-hide\" style=\"display:none;\">Toggle<\/span><span class=\"ez-toc-icon-toggle-span\"><svg style=\"fill: #999;color:#999\" xmlns=\"http:\/\/www.w3.org\/2000\/svg\" class=\"list-377408\" width=\"20px\" height=\"20px\" viewBox=\"0 0 24 24\" fill=\"none\"><path d=\"M6 6H4v2h2V6zm14 0H8v2h12V6zM4 11h2v2H4v-2zm16 0H8v2h12v-2zM4 16h2v2H4v-2zm16 0H8v2h12v-2z\" fill=\"currentColor\"><\/path><\/svg><svg style=\"fill: #999;color:#999\" class=\"arrow-unsorted-368013\" xmlns=\"http:\/\/www.w3.org\/2000\/svg\" width=\"10px\" height=\"10px\" viewBox=\"0 0 24 24\" version=\"1.2\" baseProfile=\"tiny\"><path d=\"M18.2 9.3l-6.2-6.3-6.2 6.3c-.2.2-.3.4-.3.7s.1.5.3.7c.2.2.4.3.7.3h11c.3 0 .5-.1.7-.3.2-.2.3-.5.3-.7s-.1-.5-.3-.7zM5.8 14.7l6.2 6.3 6.2-6.3c.2-.2.3-.5.3-.7s-.1-.5-.3-.7c-.2-.2-.4-.3-.7-.3h-11c-.3 0-.5.1-.7.3-.2.2-.3.5-.3.7s.1.5.3.7z\"\/><\/svg><\/span><\/span><\/span><\/a><\/span><\/div>\n<nav><ul class='ez-toc-list ez-toc-list-level-1 ' ><li class='ez-toc-page-1 ez-toc-heading-level-2'><a class=\"ez-toc-link ez-toc-heading-1\" href=\"https:\/\/www.aktifinternational.com\/ro\/chirurgie-adenoida\/#Chirurgie_adenoida\" title=\"Chirurgie adenoid\u0103\">Chirurgie adenoid\u0103<\/a><ul class='ez-toc-list-level-3' ><li class='ez-toc-heading-level-3'><a class=\"ez-toc-link ez-toc-heading-2\" href=\"https:\/\/www.aktifinternational.com\/ro\/chirurgie-adenoida\/#Chirurgie_adenoida_completa_la_Aktif_International_Hospitals\" title=\"Chirurgie adenoid\u0103 complet\u0103 la Aktif International Hospitals\">Chirurgie adenoid\u0103 complet\u0103 la Aktif International Hospitals<\/a><\/li><\/ul><\/li><li class='ez-toc-page-1 ez-toc-heading-level-2'><a class=\"ez-toc-link ez-toc-heading-3\" href=\"https:\/\/www.aktifinternational.com\/ro\/chirurgie-adenoida\/#Intrebari_frecvente\" title=\"\u00centreb\u0103ri frecvente\">\u00centreb\u0103ri frecvente<\/a><ul class='ez-toc-list-level-3' ><li class='ez-toc-heading-level-3'><a class=\"ez-toc-link ez-toc-heading-4\" href=\"https:\/\/www.aktifinternational.com\/ro\/chirurgie-adenoida\/#Ce_sunt_adenoidele_si_de_ce_ar_putea_fi_necesara_chirurgia_adenoidelor\" title=\"Ce sunt adenoidele \u0219i de ce ar putea fi necesar\u0103 chirurgia adenoidelor?\">Ce sunt adenoidele \u0219i de ce ar putea fi necesar\u0103 chirurgia adenoidelor?<\/a><\/li><li class='ez-toc-page-1 ez-toc-heading-level-3'><a class=\"ez-toc-link ez-toc-heading-5\" href=\"https:\/\/www.aktifinternational.com\/ro\/chirurgie-adenoida\/#Cum_se_efectueaza_chirurgia_adenoidiana\" title=\"Cum se efectueaz\u0103 chirurgia adenoidian\u0103?\">Cum se efectueaz\u0103 chirurgia adenoidian\u0103?<\/a><\/li><li class='ez-toc-page-1 ez-toc-heading-level-3'><a class=\"ez-toc-link ez-toc-heading-6\" href=\"https:\/\/www.aktifinternational.com\/ro\/chirurgie-adenoida\/#La_ce_ma_pot_astepta_in_timpul_perioadei_de_recuperare_dupa_interventia_chirurgicala_adenoida\" title=\"La ce m\u0103 pot a\u0219tepta \u00een timpul perioadei de recuperare dup\u0103 interven\u021bia chirurgical\u0103 adenoid\u0103?\">La ce m\u0103 pot a\u0219tepta \u00een timpul perioadei de recuperare dup\u0103 interven\u021bia chirurgical\u0103 adenoid\u0103?<\/a><\/li><li class='ez-toc-page-1 ez-toc-heading-level-3'><a class=\"ez-toc-link ez-toc-heading-7\" href=\"https:\/\/www.aktifinternational.com\/ro\/chirurgie-adenoida\/#Exista_riscuri_sau_complicatii_asociate_cu_chirurgia_adenoida\" title=\"Exist\u0103 riscuri sau complica\u021bii asociate cu chirurgia adenoid\u0103?\">Exist\u0103 riscuri sau complica\u021bii asociate cu chirurgia adenoid\u0103?<\/a><\/li><li class='ez-toc-page-1 ez-toc-heading-level-3'><a class=\"ez-toc-link ez-toc-heading-8\" href=\"https:\/\/www.aktifinternational.com\/ro\/chirurgie-adenoida\/#Chirurgia_adenoidei_poate_imbunatati_simptomele_apneei_in_somn_sau_ale_sforaitului\" title=\"Chirurgia adenoidei poate \u00eembun\u0103t\u0103\u021bi simptomele apneei \u00een somn sau ale sfor\u0103itului?\">Chirurgia adenoidei poate \u00eembun\u0103t\u0103\u021bi simptomele apneei \u00een somn sau ale sfor\u0103itului?<\/a><\/li><li class='ez-toc-page-1 ez-toc-heading-level-3'><a class=\"ez-toc-link ez-toc-heading-9\" href=\"https:\/\/www.aktifinternational.com\/ro\/chirurgie-adenoida\/#Aveti_incredere_in_Aktif_International_Hospitals_pentru_chirurgia_adenoida_de_specialitate\" title=\"Ave\u021bi \u00eencredere \u00een Aktif International Hospitals pentru chirurgia adenoid\u0103 de specialitate\">Ave\u021bi \u00eencredere \u00een Aktif International Hospitals pentru chirurgia adenoid\u0103 de specialitate<\/a><\/li><\/ul><\/li><\/ul><\/nav><\/div>\n<h2><span class=\"ez-toc-section\" id=\"Chirurgie_adenoida\"><\/span>Chirurgie adenoid\u0103<span class=\"ez-toc-section-end\"><\/span><\/h2>\n<h3><span class=\"ez-toc-section\" id=\"Chirurgie_adenoida_completa_la_Aktif_International_Hospitals\"><\/span>Chirurgie adenoid\u0103 complet\u0103 la Aktif International Hospitals<span class=\"ez-toc-section-end\"><\/span><\/h3>\n<p>Chirurgia adenoidian\u0103, cunoscut\u0103 \u0219i sub numele de adenoidectomie, este o procedur\u0103 chirurgical\u0103 comun\u0103 care vizeaz\u0103 \u00eendep\u0103rtarea adenoidelor &#8211; glande mici situate \u00een partea din spate a g\u00e2tului. La Aktif International Hospitals, \u00een\u021belegem importan\u021ba chirurgiei adenoidei \u00een ameliorarea simptomelor \u0219i \u00eembun\u0103t\u0103\u021birea calit\u0103\u021bii vie\u021bii pentru persoanele care sufer\u0103 de probleme legate de adenoide. Chirurgii no\u0219tri ORL cu experien\u021b\u0103 sunt dedica\u021bi furniz\u0103rii de \u00eengrijiri complete \u0219i planuri de tratament personalizate pentru a r\u0103spunde nevoilor dumneavoastr\u0103 specifice \u0219i pentru a asigura un proces de recuperare f\u0103r\u0103 probleme.<\/p>\n<h2 style=\"text-align: center;\"><span class=\"ez-toc-section\" id=\"Intrebari_frecvente\"><\/span>\u00centreb\u0103ri frecvente<span class=\"ez-toc-section-end\"><\/span><\/h2>\n<h3><span class=\"ez-toc-section\" id=\"Ce_sunt_adenoidele_si_de_ce_ar_putea_fi_necesara_chirurgia_adenoidelor\"><\/span>Ce sunt adenoidele \u0219i de ce ar putea fi necesar\u0103 chirurgia adenoidelor?<span class=\"ez-toc-section-end\"><\/span><\/h3>\n<p>Adenoidele sunt glande mici situate \u00een partea din spate a g\u00e2tului, \u00een apropierea pasajelor nazale. Acestea joac\u0103 un rol \u00een sistemul imunitar, ajut\u00e2nd la prinderea bacteriilor \u0219i a viru\u0219ilor care intr\u0103 \u00een organism prin nas. Chirurgia adenoidelor poate fi necesar\u0103 dac\u0103 adenoidele se m\u0103resc sau se infecteaz\u0103, duc\u00e2nd la simptome precum dificult\u0103\u021bi de respira\u021bie, congestie cronic\u0103, infec\u021bii recurente ale urechii sau tulbur\u0103ri de somn.<\/p>\n<h3><span class=\"ez-toc-section\" id=\"Cum_se_efectueaza_chirurgia_adenoidiana\"><\/span>Cum se efectueaz\u0103 chirurgia adenoidian\u0103?<span class=\"ez-toc-section-end\"><\/span><\/h3>\n<p>Chirurgia adenoidelor se efectueaz\u0103 de obicei sub anestezie general\u0103, fie ca o procedur\u0103 ambulatorie, fie cu o scurt\u0103 \u0219edere \u00een spital. \u00cen timpul interven\u021biei chirurgicale, adenoidele sunt \u00eendep\u0103rtate cu ajutorul unor instrumente specializate, adesea prin gur\u0103, f\u0103r\u0103 incizii externe. Chirurgii no\u0219tri ORL califica\u021bi utilizeaz\u0103 tehnici avansate pentru a asigura o procedur\u0103 sigur\u0103 \u0219i eficient\u0103, cu disconfort minim \u0219i recuperare rapid\u0103.<\/p>\n<h3><span class=\"ez-toc-section\" id=\"La_ce_ma_pot_astepta_in_timpul_perioadei_de_recuperare_dupa_interventia_chirurgicala_adenoida\"><\/span>La ce m\u0103 pot a\u0219tepta \u00een timpul perioadei de recuperare dup\u0103 interven\u021bia chirurgical\u0103 adenoid\u0103?<span class=\"ez-toc-section-end\"><\/span><\/h3>\n<p>Perioada de recuperare dup\u0103 chirurgia adenoid\u0103 variaz\u0103 de la persoan\u0103 la persoan\u0103, dar, \u00een general, implic\u0103 un disconfort u\u0219or, dureri \u00een g\u00e2t \u0219i congestie timp de c\u00e2teva zile. Este esen\u021bial s\u0103 urma\u021bi instruc\u021biunile de \u00eengrijire postoperatorie furnizate de chirurgul dumneavoastr\u0103, inclusiv odihn\u0103, hidratare, gestionarea durerii \u0219i evitarea activit\u0103\u021bilor obositoare. Majoritatea persoanelor \u00ee\u0219i pot relua activit\u0103\u021bile normale \u00een termen de o s\u0103pt\u0103m\u00e2n\u0103 de la opera\u021bie.<\/p>\n<h3><span class=\"ez-toc-section\" id=\"Exista_riscuri_sau_complicatii_asociate_cu_chirurgia_adenoida\"><\/span>Exist\u0103 riscuri sau complica\u021bii asociate cu chirurgia adenoid\u0103?<span class=\"ez-toc-section-end\"><\/span><\/h3>\n<p>Chirurgia adenoidian\u0103 este considerat\u0103 o procedur\u0103 sigur\u0103, cu riscuri minime. Cu toate acestea, ca \u00een cazul oric\u0103rei interven\u021bii chirurgicale, exist\u0103 un risc mic de complica\u021bii, cum ar fi s\u00e2ngerarea, infec\u021bia sau reac\u021biile adverse la anestezie. Echipa noastr\u0103 chirurgical\u0103 cu experien\u021b\u0103 ia toate m\u0103surile de precau\u021bie pentru a minimiza aceste riscuri \u0219i pentru a asigura un rezultat de succes pentru fiecare pacient.<\/p>\n<h3><span class=\"ez-toc-section\" id=\"Chirurgia_adenoidei_poate_imbunatati_simptomele_apneei_in_somn_sau_ale_sforaitului\"><\/span>Chirurgia adenoidei poate \u00eembun\u0103t\u0103\u021bi simptomele apneei \u00een somn sau ale sfor\u0103itului?<span class=\"ez-toc-section-end\"><\/span><\/h3>\n<p>\u00cen unele cazuri, chirurgia adenoid\u0103 poate ajuta la ameliorarea simptomelor de apnee \u00een somn sau sfor\u0103it, \u00een special dac\u0103 adenoidele m\u0103rite contribuie la obstruc\u021bia c\u0103ilor respiratorii \u00een timpul somnului. Cu toate acestea, eficacitatea chirurgiei adenoide \u00een tratarea tulbur\u0103rilor respiratorii legate de somn depinde de diver\u0219i factori, fiind necesar\u0103 o evaluare am\u0103nun\u021bit\u0103 de c\u0103tre un specialist ORL calificat pentru a determina cea mai adecvat\u0103 abordare de tratament.<\/p>\n<h3><span class=\"ez-toc-section\" id=\"Aveti_incredere_in_Aktif_International_Hospitals_pentru_chirurgia_adenoida_de_specialitate\"><\/span>Ave\u021bi \u00eencredere \u00een Aktif International Hospitals pentru chirurgia adenoid\u0103 de specialitate<span class=\"ez-toc-section-end\"><\/span><\/h3>\n<p>La Aktif International Hospitals, ne angaj\u0103m s\u0103 oferim chirurgie adenoid\u0103 de specialitate \u0219i \u00eengrijire complet\u0103 pentru a v\u0103 \u00eembun\u0103t\u0103\u021bi calitatea vie\u021bii \u0219i bun\u0103starea general\u0103. Chirurgii no\u0219tri ORL califica\u021bi utilizeaz\u0103 tehnici avansate \u0219i \u00eengrijire plin\u0103 de compasiune pentru a asigura cele mai bune rezultate posibile pentru fiecare pacient. Programa\u021bi o consulta\u021bie cu noi ast\u0103zi \u0219i face\u021bi primul pas spre ameliorarea problemelor legate de adenoide la Aktif International Hospitals.<\/p>\n<p style=\"text-align: right;\"><strong>Autor: <a href=\"https:\/\/www.aktifinternational.com\/ro\/doktorlar\/mehmet-hakan-gorgulu\/\">Mehmet Hakan G\u00f6rg\u00fcl\u00fc<\/a><\/strong><\/p>\n<blockquote class=\"wp-embedded-content\" data-secret=\"UXed2jspsy\"><p><a href=\"https:\/\/www.aktifinternational.com\/ro\/doktorlar\/mehmet-hakan-gorgulu\/\">Mehmet Hakan G\u00d6RG\u00dcL\u00dc<\/a><\/p><\/blockquote>\n<p><iframe class=\"wp-embedded-content\" sandbox=\"allow-scripts\" security=\"restricted\" style=\"position: absolute; visibility: hidden;\" title=\"&#8220;Mehmet Hakan G\u00d6RG\u00dcL\u00dc&#8221; &#8212; Aktif International Hospital\" src=\"https:\/\/www.aktifinternational.com\/ro\/doktorlar\/mehmet-hakan-gorgulu\/embed\/#?secret=s75QOJFvnq#?secret=UXed2jspsy\" data-secret=\"UXed2jspsy\" width=\"500\" height=\"282\" frameborder=\"0\" marginwidth=\"0\" marginheight=\"0\" scrolling=\"no\"><\/iframe><\/p>\n","protected":false},"excerpt":{"rendered":"<p>Timp estimat de citire: 2 minute \u0219i 60 de secunde Chirurgie adenoid\u0103 Chirurgie adenoid\u0103 complet\u0103 la Aktif International Hospitals Chirurgia adenoidian\u0103, cunoscut\u0103 \u0219i sub numele de adenoidectomie, este o procedur\u0103 chirurgical\u0103 comun\u0103 care vizeaz\u0103 \u00eendep\u0103rtarea adenoidelor &#8211; glande mici situate \u00een partea din spate a g\u00e2tului. La Aktif International Hospitals, \u00een\u021belegem importan\u021ba chirurgiei adenoidei \u00een [&hellip;]<\/p>\n","protected":false},"author":1,"featured_media":1087,"comment_status":"open","ping_status":"open","sticky":false,"template":"","format":"standard","meta":{"footnotes":""},"categories":[6],"tags":[],"class_list":["post-1086","post","type-post","status-publish","format-standard","has-post-thumbnail","hentry","category-ilgi-alan"],"_links":{"self":[{"href":"https:\/\/www.aktifinternational.com\/ro\/wp-json\/wp\/v2\/posts\/1086","targetHints":{"allow":["GET"]}}],"collection":[{"href":"https:\/\/www.aktifinternational.com\/ro\/wp-json\/wp\/v2\/posts"}],"about":[{"href":"https:\/\/www.aktifinternational.com\/ro\/wp-json\/wp\/v2\/types\/post"}],"author":[{"embeddable":true,"href":"https:\/\/www.aktifinternational.com\/ro\/wp-json\/wp\/v2\/users\/1"}],"replies":[{"embeddable":true,"href":"https:\/\/www.aktifinternational.com\/ro\/wp-json\/wp\/v2\/comments?post=1086"}],"version-history":[{"count":14,"href":"https:\/\/www.aktifinternational.com\/ro\/wp-json\/wp\/v2\/posts\/1086\/revisions"}],"predecessor-version":[{"id":11874,"href":"https:\/\/www.aktifinternational.com\/ro\/wp-json\/wp\/v2\/posts\/1086\/revisions\/11874"}],"wp:featuredmedia":[{"embeddable":true,"href":"https:\/\/www.aktifinternational.com\/ro\/wp-json\/wp\/v2\/media\/1087"}],"wp:attachment":[{"href":"https:\/\/www.aktifinternational.com\/ro\/wp-json\/wp\/v2\/media?parent=1086"}],"wp:term":[{"taxonomy":"category","embeddable":true,"href":"https:\/\/www.aktifinternational.com\/ro\/wp-json\/wp\/v2\/categories?post=1086"},{"taxonomy":"post_tag","embeddable":true,"href":"https:\/\/www.aktifinternational.com\/ro\/wp-json\/wp\/v2\/tags?post=1086"}],"curies":[{"name":"wp","href":"https:\/\/api.w.org\/{rel}","templated":true}]}}