{"id":9296,"date":"2025-04-08T14:09:19","date_gmt":"2025-04-08T11:09:19","guid":{"rendered":"https:\/\/www.aktifinternational.com\/fr\/?p=9296"},"modified":"2025-04-16T13:38:22","modified_gmt":"2025-04-16T10:38:22","slug":"les-symptomes-de-la-maladie-dalzheimer","status":"publish","type":"post","link":"https:\/\/www.aktifinternational.com\/fr\/les-symptomes-de-la-maladie-dalzheimer\/","title":{"rendered":"Les sympt\u00f4mes de la maladie d&#8217;Alzheimer"},"content":{"rendered":"<p>Temps de lecture estim\u00e9 : 9 minutes 4 secondes<\/p>\n<div id=\"ez-toc-container\" class=\"ez-toc-v2_0_69_1 counter-hierarchy ez-toc-counter ez-toc-grey ez-toc-container-direction\">\n<div class=\"ez-toc-title-container\">\n<p class=\"ez-toc-title \" >Table des mati&egrave;res<\/p>\n<span class=\"ez-toc-title-toggle\"><a href=\"#\" class=\"ez-toc-pull-right ez-toc-btn ez-toc-btn-xs ez-toc-btn-default ez-toc-toggle\" aria-label=\"Toggle Table of Content\"><span class=\"ez-toc-js-icon-con\"><span class=\"\"><span class=\"eztoc-hide\" style=\"display:none;\">Toggle<\/span><span class=\"ez-toc-icon-toggle-span\"><svg style=\"fill: #999;color:#999\" xmlns=\"http:\/\/www.w3.org\/2000\/svg\" class=\"list-377408\" width=\"20px\" height=\"20px\" viewBox=\"0 0 24 24\" fill=\"none\"><path d=\"M6 6H4v2h2V6zm14 0H8v2h12V6zM4 11h2v2H4v-2zm16 0H8v2h12v-2zM4 16h2v2H4v-2zm16 0H8v2h12v-2z\" fill=\"currentColor\"><\/path><\/svg><svg style=\"fill: #999;color:#999\" class=\"arrow-unsorted-368013\" xmlns=\"http:\/\/www.w3.org\/2000\/svg\" width=\"10px\" height=\"10px\" viewBox=\"0 0 24 24\" version=\"1.2\" baseProfile=\"tiny\"><path d=\"M18.2 9.3l-6.2-6.3-6.2 6.3c-.2.2-.3.4-.3.7s.1.5.3.7c.2.2.4.3.7.3h11c.3 0 .5-.1.7-.3.2-.2.3-.5.3-.7s-.1-.5-.3-.7zM5.8 14.7l6.2 6.3 6.2-6.3c.2-.2.3-.5.3-.7s-.1-.5-.3-.7c-.2-.2-.4-.3-.7-.3h-11c-.3 0-.5.1-.7.3-.2.2-.3.5-.3.7s.1.5.3.7z\"\/><\/svg><\/span><\/span><\/span><\/a><\/span><\/div>\n<nav><ul class='ez-toc-list ez-toc-list-level-1 ' ><li class='ez-toc-page-1 ez-toc-heading-level-2'><a class=\"ez-toc-link ez-toc-heading-1\" href=\"https:\/\/www.aktifinternational.com\/fr\/les-symptomes-de-la-maladie-dalzheimer\/#Quest-ce_que_la_maladie_dAlzheimer\" title=\"Qu&#8217;est-ce que la maladie d&#8217;Alzheimer ?\">Qu&#8217;est-ce que la maladie d&#8217;Alzheimer ?<\/a><ul class='ez-toc-list-level-3' ><li class='ez-toc-heading-level-3'><a class=\"ez-toc-link ez-toc-heading-2\" href=\"https:\/\/www.aktifinternational.com\/fr\/les-symptomes-de-la-maladie-dalzheimer\/#Quels_sont_les_symptomes_de_la_maladie_dAlzheimer\" title=\"Quels sont les sympt\u00f4mes de la maladie d&#8217;Alzheimer ?\">Quels sont les sympt\u00f4mes de la maladie d&#8217;Alzheimer ?<\/a><\/li><li class='ez-toc-page-1 ez-toc-heading-level-3'><a class=\"ez-toc-link ez-toc-heading-3\" href=\"https:\/\/www.aktifinternational.com\/fr\/les-symptomes-de-la-maladie-dalzheimer\/#Quelles_sont_les_causes_de_la_maladie_dAlzheimer\" title=\"Quelles sont les causes de la maladie d&#8217;Alzheimer ?\">Quelles sont les causes de la maladie d&#8217;Alzheimer ?<\/a><\/li><li class='ez-toc-page-1 ez-toc-heading-level-3'><a class=\"ez-toc-link ez-toc-heading-4\" href=\"https:\/\/www.aktifinternational.com\/fr\/les-symptomes-de-la-maladie-dalzheimer\/#La_maladie_dAlzheimer_est-elle_hereditaire\" title=\"La maladie d&#8217;Alzheimer est-elle h\u00e9r\u00e9ditaire ?\">La maladie d&#8217;Alzheimer est-elle h\u00e9r\u00e9ditaire ?<\/a><\/li><li class='ez-toc-page-1 ez-toc-heading-level-3'><a class=\"ez-toc-link ez-toc-heading-5\" href=\"https:\/\/www.aktifinternational.com\/fr\/les-symptomes-de-la-maladie-dalzheimer\/#Comment_la_maladie_dAlzheimer_est-elle_diagnostiquee\" title=\"Comment la maladie d&#8217;Alzheimer est-elle diagnostiqu\u00e9e ?\">Comment la maladie d&#8217;Alzheimer est-elle diagnostiqu\u00e9e ?<\/a><\/li><li class='ez-toc-page-1 ez-toc-heading-level-3'><a class=\"ez-toc-link ez-toc-heading-6\" href=\"https:\/\/www.aktifinternational.com\/fr\/les-symptomes-de-la-maladie-dalzheimer\/#La_maladie_dAlzheimer_peut-elle_etre_traitee\" title=\"La maladie d&#8217;Alzheimer peut-elle \u00eatre trait\u00e9e ?\">La maladie d&#8217;Alzheimer peut-elle \u00eatre trait\u00e9e ?<\/a><\/li><li class='ez-toc-page-1 ez-toc-heading-level-3'><a class=\"ez-toc-link ez-toc-heading-7\" href=\"https:\/\/www.aktifinternational.com\/fr\/les-symptomes-de-la-maladie-dalzheimer\/#Quelle_est_la_difference_entre_la_maladie_dAlzheimer_et_la_demence\" title=\"Quelle est la diff\u00e9rence entre la maladie d&#8217;Alzheimer et la d\u00e9mence ?\">Quelle est la diff\u00e9rence entre la maladie d&#8217;Alzheimer et la d\u00e9mence ?<\/a><\/li><\/ul><\/li><\/ul><\/nav><\/div>\n<h2><span class=\"ez-toc-section\" id=\"Quest-ce_que_la_maladie_dAlzheimer\"><\/span>Qu&#8217;est-ce que la maladie d&#8217;Alzheimer ?<span class=\"ez-toc-section-end\"><\/span><\/h2>\n<p>La maladie d&#8217;Alzheimer est une maladie neurologique \u00e9volutive qui affecte la capacit\u00e9 du cerveau \u00e0 fonctionner correctement au fil des ans. La maladie d&#8217;Alzheimer, la cause la plus fr\u00e9quente de d\u00e9mence, n&#8217;est pas une cons\u00e9quence naturelle du processus de vieillissement.<\/p>\n<p>Le cerveau est le centre de tous les processus cognitifs et le centre de contr\u00f4le du syst\u00e8me nerveux. Dans cette maladie, les cellules du cerveau sont endommag\u00e9es et commencent \u00e0 mourir. \u00c0 mesure que le nombre de cellules mourantes augmente, le cerveau ne peut plus remplir les fonctions qu&#8217;il remplissait auparavant. Par cons\u00e9quent, la maladie d&#8217;Alzheimer, qui se manifeste initialement par une l\u00e9g\u00e8re confusion, peut \u00e9voluer jusqu&#8217;\u00e0 un point o\u00f9 la personne ne peut m\u00eame plus reconna\u00eetre ses proches.<\/p>\n<p>Bien que la maladie d&#8217;Alzheimer soit une maladie chronique incurable, il est possible de prendre des mesures pour am\u00e9liorer la qualit\u00e9 de vie du patient si elle est d\u00e9tect\u00e9e \u00e0 un stade pr\u00e9coce et si les bonnes interventions sont mises en place.<\/p>\n<h3><span class=\"ez-toc-section\" id=\"Quels_sont_les_symptomes_de_la_maladie_dAlzheimer\"><\/span>Quels sont les sympt\u00f4mes de la maladie d&#8217;Alzheimer ?<span class=\"ez-toc-section-end\"><\/span><\/h3>\n<p>Il n&#8217;est pas toujours facile de reconna\u00eetre les sympt\u00f4mes de la maladie d&#8217;Alzheimer \u00e0 un stade pr\u00e9coce. Ces effets commencent g\u00e9n\u00e9ralement progressivement. \u00c0 ces stades pr\u00e9coces, une l\u00e9g\u00e8re confusion et des probl\u00e8mes de m\u00e9moire peuvent \u00eatre consid\u00e9r\u00e9s comme des probl\u00e8mes li\u00e9s au vieillissement. Cependant, \u00e0 des stades plus avanc\u00e9s, les effets intenses de la maladie d&#8217;Alzheimer sur la vie quotidienne deviennent apparents.<\/p>\n<p>Les sympt\u00f4mes courants de la maladie d&#8217;Alzheimer peuvent \u00eatre \u00e9num\u00e9r\u00e9s comme suit :<\/p>\n<ul>\n<li><b>Difficult\u00e9 \u00e0 se souvenir de sujets r\u00e9cents :<\/b> le patient oublie ce qu&#8217;il a appris r\u00e9cemment et pose sans cesse les m\u00eames questions.<\/li>\n<li><b>Difficult\u00e9 \u00e0 planifier et \u00e0 suivre :<\/b> le patient a du mal \u00e0 suivre des instructions simples et \u00e0 effectuer des t\u00e2ches qu&#8217;il accomplissait facilement auparavant.<\/li>\n<li><b>Difficult\u00e9 \u00e0 se souvenir de l&#8217;heure et du lieu :<\/b> le patient peut avoir du mal \u00e0 se souvenir du jour et\/ou de la date, de l&#8217;endroit o\u00f9 il se trouve et de la fa\u00e7on dont il y est arriv\u00e9.<\/li>\n<li><b>Difficult\u00e9 \u00e0 communiquer :<\/b> le patient peut ne pas trouver les mots justes lorsqu&#8217;il parle, avoir du mal \u00e0 suivre les conversations ou avoir des conversations r\u00e9p\u00e9titives.<\/li>\n<li><b>Perte de la notion de rangement :<\/b> le patient peut ranger les choses \u00e0 des endroits inhabituels. Il peut accuser les autres de vol parce qu&#8217;il ne trouve pas ses affaires.<\/li>\n<li><b>Manque de jugement :<\/b> le patient peut donner de grosses sommes d&#8217;argent ou des objets de valeur ou n\u00e9gliger son hygi\u00e8ne personnelle.<\/li>\n<li><b>Retrait des activit\u00e9s sociales :<\/b> le patient peut perdre tout int\u00e9r\u00eat pour ses loisirs, son travail ou ses activit\u00e9s sociales en raison de difficult\u00e9s \u00e0 s&#8217;y tenir.<\/li>\n<li><b>Changements d&#8217;humeur et de personnalit\u00e9 :<\/b> le patient peut devenir plus m\u00e9fiant, d\u00e9prim\u00e9, craintif ou anxieux.<\/li>\n<\/ul>\n<p>Ces sympt\u00f4mes peuvent \u00eatre tr\u00e8s inqui\u00e9tants. Cependant, gardez \u00e0 l&#8217;esprit que la gravit\u00e9 et le taux de progression peuvent varier d&#8217;une personne \u00e0 l&#8217;autre. Par cons\u00e9quent, si vous pr\u00e9sentez des sympt\u00f4mes de la maladie d&#8217;Alzheimer, il est tr\u00e8s important d&#8217;agir le plus rapidement possible et de consulter un m\u00e9decin pour un diagnostic pr\u00e9coce et un traitement appropri\u00e9.<\/p>\n<h3><span class=\"ez-toc-section\" id=\"Quelles_sont_les_causes_de_la_maladie_dAlzheimer\"><\/span>Quelles sont les causes de la maladie d&#8217;Alzheimer ?<span class=\"ez-toc-section-end\"><\/span><\/h3>\n<p>Bien que certains facteurs, groupes \u00e0 risque et causes biologiques puissent \u00eatre associ\u00e9s \u00e0 la maladie d&#8217;Alzheimer, la cause exacte de cette maladie n&#8217;est pas connue. Les scientifiques pensent que l&#8217;h\u00e9r\u00e9dit\u00e9 g\u00e9n\u00e9tique, les facteurs environnementaux et le mode de vie sont quelques-uns des facteurs associ\u00e9s \u00e0 la maladie d&#8217;Alzheimer.<\/p>\n<p>D&#8217;un point de vue biologique, la maladie d&#8217;Alzheimer est associ\u00e9e \u00e0 des d\u00e9p\u00f4ts anormaux de prot\u00e9ines dans le cerveau. Ces d\u00e9p\u00f4ts de prot\u00e9ines peuvent prendre la forme de plaques amylo\u00efdes et d&#8217;enchev\u00eatrements tau. Dans le premier cas, l&#8217;accumulation se produit entre les cellules nerveuses et interf\u00e8re avec la communication intercellulaire, tandis que dans le second, l&#8217;accumulation se produit \u00e0 l&#8217;int\u00e9rieur des cellules et interf\u00e8re avec le transport de l&#8217;\u00e9nergie et de l&#8217;information. Cela entra\u00eene la mort des cellules c\u00e9r\u00e9brales, ce qui se traduit par des sympt\u00f4mes li\u00e9s \u00e0 la maladie d&#8217;Alzheimer.<\/p>\n<p>Le facteur de risque le plus important associ\u00e9 \u00e0 la maladie d&#8217;Alzheimer est l&#8217;\u00e2ge. La probabilit\u00e9 de d\u00e9velopper la maladie d&#8217;Alzheimer est plus \u00e9lev\u00e9e \u00e0 partir de 65 ans. Les autres facteurs de risque sont la pr\u00e9disposition g\u00e9n\u00e9tique, l&#8217;hypertension art\u00e9rielle et\/ou le diab\u00e8te, les ant\u00e9c\u00e9dents de traumatisme cr\u00e2nien, le manque de sommeil, la s\u00e9dentarit\u00e9 et une mauvaise alimentation.<\/p>\n<h3><span class=\"ez-toc-section\" id=\"La_maladie_dAlzheimer_est-elle_hereditaire\"><\/span>La maladie d&#8217;Alzheimer est-elle h\u00e9r\u00e9ditaire ?<span class=\"ez-toc-section-end\"><\/span><\/h3>\n<p>Il n&#8217;y a pas de r\u00e9ponse claire \u00e0 cette question. En analysant les facteurs li\u00e9s \u00e0 l&#8217;h\u00e9r\u00e9dit\u00e9, la maladie d&#8217;Alzheimer doit \u00eatre divis\u00e9e en deux types : la maladie d&#8217;Alzheimer familiale pr\u00e9coce et la maladie d&#8217;Alzheimer tardive.<\/p>\n<p>La maladie d&#8217;Alzheimer pr\u00e9coce, qui est tr\u00e8s fortement h\u00e9r\u00e9ditaire, survient g\u00e9n\u00e9ralement chez les personnes de moins de 65 ans. Elle est caus\u00e9e par certaines mutations g\u00e9n\u00e9tiques qui se transmettent dans les familles, et si l&#8217;une de ces mutations est h\u00e9rit\u00e9e, il est presque certain qu&#8217;une personne d\u00e9veloppera la maladie d&#8217;Alzheimer.<\/p>\n<p>La maladie d&#8217;Alzheimer \u00e0 d\u00e9but tardif implique une combinaison de facteurs g\u00e9n\u00e9tiques et environnementaux. Parmi les g\u00e8nes qui peuvent causer ce type d&#8217;Alzheimer, le g\u00e8ne APOE-e4 a fait l&#8217;objet de recherches intensives. Bien que ce g\u00e8ne augmente le risque de d\u00e9velopper la maladie d&#8217;Alzheimer, il ne signifie pas n\u00e9cessairement que la personne d\u00e9veloppera la maladie. De m\u00eame, on ne peut pas conclure que chaque personne ayant des ant\u00e9c\u00e9dents familiaux de la maladie d&#8217;Alzheimer d\u00e9veloppera n\u00e9cessairement la maladie. Le mode de vie et l&#8217;\u00e9tat de sant\u00e9 g\u00e9n\u00e9ral peuvent \u00e9galement avoir un impact sur l&#8217;apparition ou la non-apparition de la maladie. Par cons\u00e9quent, il est possible d&#8217;affirmer que de nombreuses personnes ayant des ant\u00e9c\u00e9dents familiaux de la maladie d&#8217;Alzheimer ne d\u00e9veloppent jamais la maladie.<\/p>\n<h3><span class=\"ez-toc-section\" id=\"Comment_la_maladie_dAlzheimer_est-elle_diagnostiquee\"><\/span>Comment la maladie d&#8217;Alzheimer est-elle diagnostiqu\u00e9e ?<span class=\"ez-toc-section-end\"><\/span><\/h3>\n<p>Il n&#8217;existe pas de test ou d&#8217;examen unique permettant de diagnostiquer la maladie d&#8217;Alzheimer. Pour s&#8217;assurer que les sympt\u00f4mes suppos\u00e9s \u00eatre li\u00e9s \u00e0 la maladie d&#8217;Alzheimer ne sont pas caus\u00e9s par une autre affection, le processus de diagnostic peut souvent impliquer une combinaison de plusieurs techniques diff\u00e9rentes. Ces techniques peuvent \u00eatre divis\u00e9es en trois cat\u00e9gories : l&#8217;examen m\u00e9dical, les tests et techniques d&#8217;imagerie, et les analyses sanguines.<\/p>\n<p>L&#8217;examen m\u00e9dical commence par une analyse approfondie des sympt\u00f4mes du patient et par l&#8217;\u00e9coute de ses ant\u00e9c\u00e9dents familiaux et m\u00e9dicaux. Le m\u00e9decin peut \u00e9galement effectuer des examens neurologiques pour \u00e9valuer les r\u00e9flexes et la coordination du patient.<\/p>\n<p>Des tests sont effectu\u00e9s pour d\u00e9terminer s&#8217;il y a un d\u00e9clin des capacit\u00e9s cognitives telles que la r\u00e9flexion, l&#8217;attention et la m\u00e9moire, et si oui, dans quelle mesure. Les sympt\u00f4mes associ\u00e9s \u00e0 la maladie d&#8217;Alzheimer peuvent \u00eatre similaires \u00e0 ceux caus\u00e9s par des tumeurs, des accidents vasculaires c\u00e9r\u00e9braux ou des traumatismes cr\u00e2niens. Par cons\u00e9quent, l&#8217;IRM et le scanner peuvent \u00e9galement \u00eatre utilis\u00e9s dans le processus de diagnostic pour s&#8217;assurer que le probl\u00e8me n&#8217;est pas caus\u00e9 par ces causes. Dans certains cas, la TEP peut \u00e9galement \u00eatre utilis\u00e9e pour d\u00e9tecter des d\u00e9p\u00f4ts anormaux de prot\u00e9ines amylo\u00efdes ou tau dans le cerveau.<\/p>\n<p>Les analyses de sang sont une autre m\u00e9thode qui peut \u00eatre utilis\u00e9e pour s&#8217;assurer que les sympt\u00f4mes ne sont pas trompeurs. Le m\u00e9decin prescrira certaines analyses de sang pour s&#8217;assurer que les sympt\u00f4mes ne sont pas caus\u00e9s par des carences en vitamines ou des probl\u00e8mes li\u00e9s \u00e0 la thyro\u00efde.<\/p>\n<p>Apr\u00e8s tous ces tests et examens, le m\u00e9decin peut \u00e9tablir un diagnostic pr\u00e9cis en examinant en profondeur l&#8217;\u00e9tat du patient. Apr\u00e8s le diagnostic de la maladie d&#8217;Alzheimer, le m\u00e9decin informera le patient de ce qui peut \u00eatre fait.<\/p>\n<h3><span class=\"ez-toc-section\" id=\"La_maladie_dAlzheimer_peut-elle_etre_traitee\"><\/span>La maladie d&#8217;Alzheimer peut-elle \u00eatre trait\u00e9e ?<span class=\"ez-toc-section-end\"><\/span><\/h3>\n<p>Actuellement, il n&#8217;existe pas de m\u00e9thode de traitement ou de m\u00e9dicament qui permette de mettre fin \u00e0 la maladie d&#8217;Alzheimer. Cependant, il est possible de ralentir la progression de la maladie ou de g\u00e9rer les sympt\u00f4mes de mani\u00e8re \u00e0 faciliter la vie du patient.<\/p>\n<p>Actuellement, des m\u00e9dicaments tels que les inhibiteurs de la cholinest\u00e9rase et la m\u00e9mantine sont utilis\u00e9s dans le traitement de la maladie d&#8217;Alzheimer. Ces m\u00e9dicaments visent \u00e0 \u00e9liminer la mauvaise communication entre les cellules nerveuses qui peut causer la maladie d&#8217;Alzheimer. Bien qu&#8217;ils n&#8217;offrent pas de rem\u00e8de d\u00e9finitif \u00e0 la maladie, ils peuvent am\u00e9liorer temporairement les sympt\u00f4mes li\u00e9s \u00e0 la m\u00e9moire et \u00e0 la pens\u00e9e, en particulier lorsqu&#8217;ils sont utilis\u00e9s \u00e0 un stade pr\u00e9coce.<\/p>\n<p>Outre les m\u00e9dicaments, des ajustements du mode de vie et des soins de soutien peuvent \u00e9galement aider \u00e0 g\u00e9rer les sympt\u00f4mes. En particulier, des routines structur\u00e9es, des activit\u00e9s favorisant la m\u00e9moire, l&#8217;activit\u00e9 physique, des activit\u00e9s sociales et une alimentation saine peuvent aider le patient \u00e0 g\u00e9rer ses activit\u00e9s quotidiennes.<\/p>\n<p>D&#8217;autre part, des \u00e9tudes sur les plaques amylo\u00efdes, qui sont consid\u00e9r\u00e9es comme l&#8217;une des causes biologiques de la maladie d&#8217;Alzheimer et sont associ\u00e9es \u00e0 une accumulation anormale de prot\u00e9ines dans le cerveau, ainsi que des recherches sur les m\u00e9thodes de traitement sont en cours. Ces nouveaux traitements, qui sont actuellement en cours de d\u00e9veloppement, sont prometteurs pour l&#8217;\u00e9limination de la maladie d&#8217;Alzheimer en tant que probl\u00e8me \u00e0 l&#8217;avenir.<\/p>\n<h3><span class=\"ez-toc-section\" id=\"Quelle_est_la_difference_entre_la_maladie_dAlzheimer_et_la_demence\"><\/span>Quelle est la diff\u00e9rence entre la maladie d&#8217;Alzheimer et la d\u00e9mence ?<span class=\"ez-toc-section-end\"><\/span><\/h3>\n<p>La d\u00e9mence est un terme g\u00e9n\u00e9ral utilis\u00e9 pour d\u00e9crire un d\u00e9clin des capacit\u00e9s cognitives telles que la m\u00e9moire, le jugement et la communication qui interf\u00e8re avec la vie quotidienne, tandis que la maladie d&#8217;Alzheimer est la cause la plus courante et la plus connue de la d\u00e9mence. En d&#8217;autres termes, la d\u00e9mence est un syndrome, et non une maladie sp\u00e9cifique, et peut \u00eatre caus\u00e9e par diverses affections, notamment la maladie d&#8217;Alzheimer, la d\u00e9mence vasculaire, la d\u00e9mence \u00e0 corps de Lewy, etc. La maladie d&#8217;Alzheimer est une maladie c\u00e9r\u00e9brale sp\u00e9cifique qui d\u00e9truit progressivement la m\u00e9moire et les capacit\u00e9s de r\u00e9flexion en raison de l&#8217;accumulation de prot\u00e9ines anormales dans le cerveau. Ainsi, si toutes les personnes atteintes de la maladie d&#8217;Alzheimer souffrent de d\u00e9mence, toutes les personnes atteintes de d\u00e9mence ne sont pas atteintes de la maladie d&#8217;Alzheimer.<\/p>\n","protected":false},"excerpt":{"rendered":"<p>Temps de lecture estim\u00e9 : 9 minutes 4 secondes Qu&#8217;est-ce que la maladie d&#8217;Alzheimer ? La maladie d&#8217;Alzheimer est une maladie neurologique \u00e9volutive qui affecte la capacit\u00e9 du cerveau \u00e0 fonctionner correctement au fil des ans. La maladie d&#8217;Alzheimer, la cause la plus fr\u00e9quente de d\u00e9mence, n&#8217;est pas une cons\u00e9quence naturelle du processus de vieillissement. [&hellip;]<\/p>\n","protected":false},"author":4,"featured_media":9321,"comment_status":"open","ping_status":"open","sticky":false,"template":"","format":"standard","meta":{"footnotes":""},"categories":[17],"tags":[],"class_list":["post-9296","post","type-post","status-publish","format-standard","has-post-thumbnail","hentry","category-blog"],"_links":{"self":[{"href":"https:\/\/www.aktifinternational.com\/fr\/wp-json\/wp\/v2\/posts\/9296","targetHints":{"allow":["GET"]}}],"collection":[{"href":"https:\/\/www.aktifinternational.com\/fr\/wp-json\/wp\/v2\/posts"}],"about":[{"href":"https:\/\/www.aktifinternational.com\/fr\/wp-json\/wp\/v2\/types\/post"}],"author":[{"embeddable":true,"href":"https:\/\/www.aktifinternational.com\/fr\/wp-json\/wp\/v2\/users\/4"}],"replies":[{"embeddable":true,"href":"https:\/\/www.aktifinternational.com\/fr\/wp-json\/wp\/v2\/comments?post=9296"}],"version-history":[{"count":1,"href":"https:\/\/www.aktifinternational.com\/fr\/wp-json\/wp\/v2\/posts\/9296\/revisions"}],"predecessor-version":[{"id":9297,"href":"https:\/\/www.aktifinternational.com\/fr\/wp-json\/wp\/v2\/posts\/9296\/revisions\/9297"}],"wp:featuredmedia":[{"embeddable":true,"href":"https:\/\/www.aktifinternational.com\/fr\/wp-json\/wp\/v2\/media\/9321"}],"wp:attachment":[{"href":"https:\/\/www.aktifinternational.com\/fr\/wp-json\/wp\/v2\/media?parent=9296"}],"wp:term":[{"taxonomy":"category","embeddable":true,"href":"https:\/\/www.aktifinternational.com\/fr\/wp-json\/wp\/v2\/categories?post=9296"},{"taxonomy":"post_tag","embeddable":true,"href":"https:\/\/www.aktifinternational.com\/fr\/wp-json\/wp\/v2\/tags?post=9296"}],"curies":[{"name":"wp","href":"https:\/\/api.w.org\/{rel}","templated":true}]}}