{"id":8440,"date":"2024-08-16T16:44:43","date_gmt":"2024-08-16T13:44:43","guid":{"rendered":"https:\/\/www.aktifinternational.com\/fr\/?p=8440"},"modified":"2025-08-29T14:07:56","modified_gmt":"2025-08-29T11:07:56","slug":"rhinoplastie-en-ete","status":"publish","type":"post","link":"https:\/\/www.aktifinternational.com\/fr\/rhinoplastie-en-ete\/","title":{"rendered":"Rhinoplastie en \u00e9t\u00e9"},"content":{"rendered":"<p>Temps de lecture estim\u00e9 : 5 minutes et 17 secondes<\/p>\n<div id=\"ez-toc-container\" class=\"ez-toc-v2_0_69_1 counter-hierarchy ez-toc-counter ez-toc-grey ez-toc-container-direction\">\n<div class=\"ez-toc-title-container\">\n<p class=\"ez-toc-title \" >Table des mati&egrave;res<\/p>\n<span class=\"ez-toc-title-toggle\"><a href=\"#\" class=\"ez-toc-pull-right ez-toc-btn ez-toc-btn-xs ez-toc-btn-default ez-toc-toggle\" aria-label=\"Toggle Table of Content\"><span class=\"ez-toc-js-icon-con\"><span class=\"\"><span class=\"eztoc-hide\" style=\"display:none;\">Toggle<\/span><span class=\"ez-toc-icon-toggle-span\"><svg style=\"fill: #999;color:#999\" xmlns=\"http:\/\/www.w3.org\/2000\/svg\" class=\"list-377408\" width=\"20px\" height=\"20px\" viewBox=\"0 0 24 24\" fill=\"none\"><path d=\"M6 6H4v2h2V6zm14 0H8v2h12V6zM4 11h2v2H4v-2zm16 0H8v2h12v-2zM4 16h2v2H4v-2zm16 0H8v2h12v-2z\" fill=\"currentColor\"><\/path><\/svg><svg style=\"fill: #999;color:#999\" class=\"arrow-unsorted-368013\" xmlns=\"http:\/\/www.w3.org\/2000\/svg\" width=\"10px\" height=\"10px\" viewBox=\"0 0 24 24\" version=\"1.2\" baseProfile=\"tiny\"><path d=\"M18.2 9.3l-6.2-6.3-6.2 6.3c-.2.2-.3.4-.3.7s.1.5.3.7c.2.2.4.3.7.3h11c.3 0 .5-.1.7-.3.2-.2.3-.5.3-.7s-.1-.5-.3-.7zM5.8 14.7l6.2 6.3 6.2-6.3c.2-.2.3-.5.3-.7s-.1-.5-.3-.7c-.2-.2-.4-.3-.7-.3h-11c-.3 0-.5.1-.7.3-.2.2-.3.5-.3.7s.1.5.3.7z\"\/><\/svg><\/span><\/span><\/span><\/a><\/span><\/div>\n<nav><ul class='ez-toc-list ez-toc-list-level-1 ' ><li class='ez-toc-page-1 ez-toc-heading-level-2'><a class=\"ez-toc-link ez-toc-heading-1\" href=\"https:\/\/www.aktifinternational.com\/fr\/rhinoplastie-en-ete\/#Rhinoplastie_en_ete\" title=\"Rhinoplastie en \u00e9t\u00e9\">Rhinoplastie en \u00e9t\u00e9<\/a><ul class='ez-toc-list-level-3' ><li class='ez-toc-heading-level-3'><a class=\"ez-toc-link ez-toc-heading-2\" href=\"https:\/\/www.aktifinternational.com\/fr\/rhinoplastie-en-ete\/#Faits_et_mythes\" title=\"Faits et mythes\">Faits et mythes<\/a><\/li><li class='ez-toc-page-1 ez-toc-heading-level-3'><a class=\"ez-toc-link ez-toc-heading-3\" href=\"https:\/\/www.aktifinternational.com\/fr\/rhinoplastie-en-ete\/#Quest-ce_que_la_rhinoplastie\" title=\"Qu&#8217;est-ce que la rhinoplastie ?\">Qu&#8217;est-ce que la rhinoplastie ?<\/a><\/li><li class='ez-toc-page-1 ez-toc-heading-level-3'><a class=\"ez-toc-link ez-toc-heading-4\" href=\"https:\/\/www.aktifinternational.com\/fr\/rhinoplastie-en-ete\/#La_rhinoplastie_en_ete\" title=\"La rhinoplastie en \u00e9t\u00e9\">La rhinoplastie en \u00e9t\u00e9<\/a><\/li><li class='ez-toc-page-1 ez-toc-heading-level-3'><a class=\"ez-toc-link ez-toc-heading-5\" href=\"https:\/\/www.aktifinternational.com\/fr\/rhinoplastie-en-ete\/#Le_temps_chaud_a-t-il_un_effet_negatif_sur_la_guerison\" title=\"Le temps chaud a-t-il un effet n\u00e9gatif sur la gu\u00e9rison ?\">Le temps chaud a-t-il un effet n\u00e9gatif sur la gu\u00e9rison ?<\/a><\/li><li class='ez-toc-page-1 ez-toc-heading-level-3'><a class=\"ez-toc-link ez-toc-heading-6\" href=\"https:\/\/www.aktifinternational.com\/fr\/rhinoplastie-en-ete\/#Rayons_de_soleil_et_gonflement\" title=\"Rayons de soleil et gonflement\">Rayons de soleil et gonflement<\/a><\/li><li class='ez-toc-page-1 ez-toc-heading-level-3'><a class=\"ez-toc-link ez-toc-heading-7\" href=\"https:\/\/www.aktifinternational.com\/fr\/rhinoplastie-en-ete\/#Est-il_judicieux_de_subir_une_rhinoplastie_pendant_les_vacances\" title=\"Est-il judicieux de subir une rhinoplastie pendant les vacances ?\">Est-il judicieux de subir une rhinoplastie pendant les vacances ?<\/a><\/li><li class='ez-toc-page-1 ez-toc-heading-level-3'><a class=\"ez-toc-link ez-toc-heading-8\" href=\"https:\/\/www.aktifinternational.com\/fr\/rhinoplastie-en-ete\/#Voyager_apres_une_rhinoplastie\" title=\"Voyager apr\u00e8s une rhinoplastie\">Voyager apr\u00e8s une rhinoplastie<\/a><\/li><li class='ez-toc-page-1 ez-toc-heading-level-3'><a class=\"ez-toc-link ez-toc-heading-9\" href=\"https:\/\/www.aktifinternational.com\/fr\/rhinoplastie-en-ete\/#Quand_faut-il_avoir_recours_a_une_rhinoplastie\" title=\"Quand faut-il avoir recours \u00e0 une rhinoplastie ?\">Quand faut-il avoir recours \u00e0 une rhinoplastie ?<\/a><\/li><li class='ez-toc-page-1 ez-toc-heading-level-3'><a class=\"ez-toc-link ez-toc-heading-10\" href=\"https:\/\/www.aktifinternational.com\/fr\/rhinoplastie-en-ete\/#Elements_a_prendre_en_compte_avant_et_apres_une_rhinoplastie\" title=\"\u00c9l\u00e9ments \u00e0 prendre en compte avant et apr\u00e8s une rhinoplastie\">\u00c9l\u00e9ments \u00e0 prendre en compte avant et apr\u00e8s une rhinoplastie<\/a><\/li><\/ul><\/li><\/ul><\/nav><\/div>\n<h2><span class=\"ez-toc-section\" id=\"Rhinoplastie_en_ete\"><\/span>Rhinoplastie en \u00e9t\u00e9<span class=\"ez-toc-section-end\"><\/span><\/h2>\n<h3><span class=\"ez-toc-section\" id=\"Faits_et_mythes\"><\/span>Faits et mythes<span class=\"ez-toc-section-end\"><\/span><\/h3>\n<p>Le temps s&#8217;est soudainement r\u00e9chauff\u00e9 et nous sommes de retour dans les mois d&#8217;\u00e9t\u00e9, pr\u00eats \u00e0 nous d\u00e9barrasser de la fatigue de toute l&#8217;ann\u00e9e. Pour beaucoup d&#8217;entre nous, ces mois sont synonymes de vacances, de mer, de soleil et de repos. Cependant, en mati\u00e8re de chirurgie plastique, il existe une croyance r\u00e9pandue selon laquelle les interventions telles que la rhinoplastie ne sont pas adapt\u00e9es \u00e0 l&#8217;\u00e9t\u00e9. Mais est-ce vraiment vrai ? Dans cet article de blog, nous aborderons ce sujet en d\u00e9tail et apporterons des r\u00e9ponses aux questions les plus courantes.<\/p>\n<h3><span class=\"ez-toc-section\" id=\"Quest-ce_que_la_rhinoplastie\"><\/span>Qu&#8217;est-ce que la rhinoplastie ?<span class=\"ez-toc-section-end\"><\/span><\/h3>\n<p>La rhinoplastie est une intervention chirurgicale qui vise \u00e0 corriger la forme ou la fonction du nez. Le nez \u00e9tant au centre du visage, il est tr\u00e8s important pour l&#8217;esth\u00e9tique g\u00e9n\u00e9rale du visage. La rhinoplastie est sp\u00e9cifiquement pratiqu\u00e9e pour corriger les arcs nasaux et les courbures, modeler la pointe du nez, ou parfois pour am\u00e9liorer l&#8217;aspect esth\u00e9tique et pour \u00e9liminer les probl\u00e8mes respiratoires. Cette intervention, pratiqu\u00e9e \u00e0 la fois pour des raisons esth\u00e9tiques et fonctionnelles, est courante dans le monde entier.<\/p>\n<h3><span class=\"ez-toc-section\" id=\"La_rhinoplastie_en_ete\"><\/span>La rhinoplastie en \u00e9t\u00e9<span class=\"ez-toc-section-end\"><\/span><\/h3>\n<p>L&#8217;une des pr\u00e9occupations les plus courantes concernant la rhinoplastie pendant la saison estivale est l&#8217;id\u00e9e que le temps chaud et l&#8217;exposition au soleil peuvent avoir un effet n\u00e9gatif sur le processus de gu\u00e9rison. Toutefois, cette crainte est largement infond\u00e9e. Dans cet article, nous r\u00e9pondons aux questions que vous nous avez pos\u00e9es \u00e0 ce sujet.<\/p>\n<h3><span class=\"ez-toc-section\" id=\"Le_temps_chaud_a-t-il_un_effet_negatif_sur_la_guerison\"><\/span>Le temps chaud a-t-il un effet n\u00e9gatif sur la gu\u00e9rison ?<span class=\"ez-toc-section-end\"><\/span><\/h3>\n<p>Il n&#8217;existe aucune preuve scientifique que le temps chaud ait un effet n\u00e9gatif direct sur la gu\u00e9rison apr\u00e8s une intervention chirurgicale. Le plus important est d&#8217;\u00e9viter une exposition prolong\u00e9e au soleil. Il n&#8217;est pas souhaitable de transpirer pendant la p\u00e9riode de convalescence et de maintenir la zone chirurgicale humide. Il est donc important de maintenir la pi\u00e8ce o\u00f9 l&#8217;on se repose \u00e0 la temp\u00e9rature id\u00e9ale \u00e0 l&#8217;aide d&#8217;un climatiseur, mais n&#8217;oubliez pas que cela s&#8217;applique \u00e9galement aux mois d&#8217;hiver. En hiver \u00e9galement, il est important d&#8217;\u00e9viter les grippes, les rhumes, les \u00e9ternuements et la toux, ainsi que les mouvements provoquant de fortes vibrations nasales. En d&#8217;autres termes, tout comme nous devons adapter la temp\u00e9rature de la pi\u00e8ce o\u00f9 nous nous reposons apr\u00e8s une intervention chirurgicale en hiver, une situation similaire s&#8217;applique aux mois d&#8217;\u00e9t\u00e9.<\/p>\n<p>Bien entendu, le meilleur conseil concernant le processus de gu\u00e9rison nous est donn\u00e9 par le m\u00e9decin qui a pratiqu\u00e9 l&#8217;op\u00e9ration. Il est donc tr\u00e8s important de suivre les instructions postop\u00e9ratoires donn\u00e9es par notre m\u00e9decin. Avec de bons soins et une hygi\u00e8ne appropri\u00e9e, le processus de gu\u00e9rison peut se d\u00e9rouler sans probl\u00e8me pendant les mois d&#8217;\u00e9t\u00e9.<\/p>\n<h3><span class=\"ez-toc-section\" id=\"Rayons_de_soleil_et_gonflement\"><\/span>Rayons de soleil et gonflement<span class=\"ez-toc-section-end\"><\/span><\/h3>\n<p>L&#8217;exposition directe au soleil peut provoquer un gonflement et une d\u00e9coloration de la peau sensible apr\u00e8s l&#8217;op\u00e9ration. Toutefois, le port d&#8217;un chapeau et l&#8217;utilisation d&#8217;un \u00e9cran solaire \u00e0 indice de protection \u00e9lev\u00e9 permettent de prot\u00e9ger la peau des probl\u00e8mes caus\u00e9s par les rayons du soleil. Cependant, m\u00eame si nous portons un chapeau et utilisons un \u00e9cran solaire, nous devons nous rappeler d&#8217;\u00e9viter une exposition prolong\u00e9e au soleil.<\/p>\n<h3><span class=\"ez-toc-section\" id=\"Est-il_judicieux_de_subir_une_rhinoplastie_pendant_les_vacances\"><\/span>Est-il judicieux de subir une rhinoplastie pendant les vacances ?<span class=\"ez-toc-section-end\"><\/span><\/h3>\n<p>Les vacances peuvent \u00eatre un bon moment pour subir une intervention telle que la rhinoplastie, car vous n&#8217;avez alors aucune obligation, que ce soit au travail ou \u00e0 l&#8217;\u00e9cole. Pendant la p\u00e9riode des vacances, nous avons tout le temps de nous reposer apr\u00e8s l&#8217;op\u00e9ration et de passer la p\u00e9riode de gu\u00e9rison \u00e0 la maison. Cependant, nous devons nous rappeler de limiter nos activit\u00e9s physiques pendant les vacances. Nous devons \u00e9viter les activit\u00e9s telles que la natation, les bains de soleil et les exercices physiques intenses pendant la p\u00e9riode recommand\u00e9e par notre m\u00e9decin. Si vous ne pouvez pas vous passer de nager pendant vos vacances, sachez qu&#8217;il existe une solution simple : vous pouvez soit prendre vos vacances d&#8217;abord et vous faire op\u00e9rer ensuite, soit vous faire op\u00e9rer au d\u00e9but de l&#8217;\u00e9t\u00e9 et programmer vos vacances apr\u00e8s la p\u00e9riode recommand\u00e9e par votre m\u00e9decin.<\/p>\n<h3><span class=\"ez-toc-section\" id=\"Voyager_apres_une_rhinoplastie\"><\/span>Voyager apr\u00e8s une rhinoplastie<span class=\"ez-toc-section-end\"><\/span><\/h3>\n<p>Les voyages de courte dur\u00e9e apr\u00e8s une rhinoplastie ne posent g\u00e9n\u00e9ralement pas de probl\u00e8me. Toutefois, il est important d&#8217;obtenir l&#8217;accord de votre m\u00e9decin avant de prendre l&#8217;avion. En effet, les changements de pression qui peuvent se produire pendant un vol peuvent endommager les tissus d\u00e9licats du nez et accentuer les gonflements. Il est donc recommand\u00e9 d&#8217;\u00e9viter les vols longue distance pendant un certain temps apr\u00e8s l&#8217;op\u00e9ration.<\/p>\n<h3><span class=\"ez-toc-section\" id=\"Quand_faut-il_avoir_recours_a_une_rhinoplastie\"><\/span>Quand faut-il avoir recours \u00e0 une rhinoplastie ?<span class=\"ez-toc-section-end\"><\/span><\/h3>\n<p>Le meilleur moment pour une rhinoplastie est celui o\u00f9 la personne se sent le plus \u00e0 l&#8217;aise et dispose de suffisamment de temps pour les soins postop\u00e9ratoires. Cette p\u00e9riode peut varier en fonction des pr\u00e9f\u00e9rences personnelles et du mode de vie, mais en fin de compte, c&#8217;est la personne op\u00e9r\u00e9e qui doit prendre cette d\u00e9cision. En d&#8217;autres termes, soutenir que la chirurgie est appropri\u00e9e pour une partie de l&#8217;ann\u00e9e et pas pour une autre est bas\u00e9 sur des informations erron\u00e9es. Il n&#8217;y a pas d&#8217;inconv\u00e9nient significatif \u00e0 subir une rhinoplastie pendant les mois d&#8217;\u00e9t\u00e9 plut\u00f4t que pendant les mois d&#8217;hiver. L&#8217;important est de pr\u00eater attention aux soins postop\u00e9ratoires et aux mesures pr\u00e9ventives.<\/p>\n<h3><span class=\"ez-toc-section\" id=\"Elements_a_prendre_en_compte_avant_et_apres_une_rhinoplastie\"><\/span>\u00c9l\u00e9ments \u00e0 prendre en compte avant et apr\u00e8s une rhinoplastie<span class=\"ez-toc-section-end\"><\/span><\/h3>\n<p>Pour que l&#8217;op\u00e9ration se d\u00e9roule sans encombre et que le processus de r\u00e9tablissement soit facile, nous avons bien s\u00fbr des devoirs \u00e0 remplir en tant que patient qui va subir l&#8217;op\u00e9ration. Vous trouverez ci-dessous une liste des r\u00e8gles \u00e0 respecter avant et apr\u00e8s l&#8217;op\u00e9ration. Vous pouvez \u00e9galement <a href=\"https:\/\/www.aktifinternational.com\/fr\/rhinoplastie\/\"><strong>lire notre article ici<\/strong> <\/a>pour obtenir des informations plus d\u00e9taill\u00e9es.<\/p>\n<ul>\n<li><strong>Avant l&#8217;op\u00e9ration :<\/strong> il est important de r\u00e9duire votre consommation de tabac et d&#8217;alcool, d&#8217;avoir une alimentation saine et de vous pr\u00e9parer selon les recommandations de votre m\u00e9decin.<\/li>\n<li><strong>Apr\u00e8s l&#8217;op\u00e9ration :<\/strong> Il est n\u00e9cessaire de se reposer, de prendre r\u00e9guli\u00e8rement les m\u00e9dicaments prescrits par notre m\u00e9decin et de garder le site chirurgical propre et prot\u00e9g\u00e9. Il est \u00e9galement tr\u00e8s important de suivre les instructions du m\u00e9decin concernant les tampons et les points de suture dans le nez.<\/li>\n<\/ul>\n<p>En conclusion, la rhinoplastie est parfaitement s\u00fbre pendant les mois d&#8217;\u00e9t\u00e9 si les pr\u00e9cautions ad\u00e9quates sont prises. Les inqui\u00e9tudes li\u00e9es \u00e0 la chaleur et \u00e0 l&#8217;exposition au soleil peuvent \u00eatre surmont\u00e9es gr\u00e2ce \u00e0 des mesures de protection simples. Le plus important est de suivre les recommandations de votre m\u00e9decin apr\u00e8s l&#8217;op\u00e9ration et de g\u00e9rer soigneusement votre processus de r\u00e9tablissement. N&#8217;oubliez pas que la chirurgie plastique est une d\u00e9cision personnelle et que c&#8217;est vous, et non les saisons, qui pouvez d\u00e9terminer le meilleur moment.<\/p>\n","protected":false},"excerpt":{"rendered":"<p>Temps de lecture estim\u00e9 : 5 minutes et 17 secondes Rhinoplastie en \u00e9t\u00e9 Faits et mythes Le temps s&#8217;est soudainement r\u00e9chauff\u00e9 et nous sommes de retour dans les mois d&#8217;\u00e9t\u00e9, pr\u00eats \u00e0 nous d\u00e9barrasser de la fatigue de toute l&#8217;ann\u00e9e. Pour beaucoup d&#8217;entre nous, ces mois sont synonymes de vacances, de mer, de soleil et [&hellip;]<\/p>\n","protected":false},"author":4,"featured_media":8441,"comment_status":"open","ping_status":"open","sticky":false,"template":"","format":"standard","meta":{"footnotes":""},"categories":[17],"tags":[],"class_list":["post-8440","post","type-post","status-publish","format-standard","has-post-thumbnail","hentry","category-blog"],"_links":{"self":[{"href":"https:\/\/www.aktifinternational.com\/fr\/wp-json\/wp\/v2\/posts\/8440","targetHints":{"allow":["GET"]}}],"collection":[{"href":"https:\/\/www.aktifinternational.com\/fr\/wp-json\/wp\/v2\/posts"}],"about":[{"href":"https:\/\/www.aktifinternational.com\/fr\/wp-json\/wp\/v2\/types\/post"}],"author":[{"embeddable":true,"href":"https:\/\/www.aktifinternational.com\/fr\/wp-json\/wp\/v2\/users\/4"}],"replies":[{"embeddable":true,"href":"https:\/\/www.aktifinternational.com\/fr\/wp-json\/wp\/v2\/comments?post=8440"}],"version-history":[{"count":3,"href":"https:\/\/www.aktifinternational.com\/fr\/wp-json\/wp\/v2\/posts\/8440\/revisions"}],"predecessor-version":[{"id":9628,"href":"https:\/\/www.aktifinternational.com\/fr\/wp-json\/wp\/v2\/posts\/8440\/revisions\/9628"}],"wp:featuredmedia":[{"embeddable":true,"href":"https:\/\/www.aktifinternational.com\/fr\/wp-json\/wp\/v2\/media\/8441"}],"wp:attachment":[{"href":"https:\/\/www.aktifinternational.com\/fr\/wp-json\/wp\/v2\/media?parent=8440"}],"wp:term":[{"taxonomy":"category","embeddable":true,"href":"https:\/\/www.aktifinternational.com\/fr\/wp-json\/wp\/v2\/categories?post=8440"},{"taxonomy":"post_tag","embeddable":true,"href":"https:\/\/www.aktifinternational.com\/fr\/wp-json\/wp\/v2\/tags?post=8440"}],"curies":[{"name":"wp","href":"https:\/\/api.w.org\/{rel}","templated":true}]}}