{"id":10143,"date":"2025-12-02T16:30:08","date_gmt":"2025-12-02T13:30:08","guid":{"rendered":"https:\/\/www.aktifinternational.com\/fr\/?p=10143"},"modified":"2025-12-09T16:36:26","modified_gmt":"2025-12-09T13:36:26","slug":"quest-ce-quun-laser-fractionne","status":"publish","type":"post","link":"https:\/\/www.aktifinternational.com\/fr\/quest-ce-quun-laser-fractionne\/","title":{"rendered":"Qu&#8217;est-ce qu&#8217;un laser fractionn\u00e9 et \u00e0 quoi sert-il\u00a0?"},"content":{"rendered":"<p>Temps de lecture estim\u00e9 : 12 minutes 40 secondes<\/p>\n<div id=\"ez-toc-container\" class=\"ez-toc-v2_0_69_1 counter-hierarchy ez-toc-counter ez-toc-grey ez-toc-container-direction\">\n<div class=\"ez-toc-title-container\">\n<p class=\"ez-toc-title \" >Table des mati&egrave;res<\/p>\n<span class=\"ez-toc-title-toggle\"><a href=\"#\" class=\"ez-toc-pull-right ez-toc-btn ez-toc-btn-xs ez-toc-btn-default ez-toc-toggle\" aria-label=\"Toggle Table of Content\"><span class=\"ez-toc-js-icon-con\"><span class=\"\"><span class=\"eztoc-hide\" style=\"display:none;\">Toggle<\/span><span class=\"ez-toc-icon-toggle-span\"><svg style=\"fill: #999;color:#999\" xmlns=\"http:\/\/www.w3.org\/2000\/svg\" class=\"list-377408\" width=\"20px\" height=\"20px\" viewBox=\"0 0 24 24\" fill=\"none\"><path d=\"M6 6H4v2h2V6zm14 0H8v2h12V6zM4 11h2v2H4v-2zm16 0H8v2h12v-2zM4 16h2v2H4v-2zm16 0H8v2h12v-2z\" fill=\"currentColor\"><\/path><\/svg><svg style=\"fill: #999;color:#999\" class=\"arrow-unsorted-368013\" xmlns=\"http:\/\/www.w3.org\/2000\/svg\" width=\"10px\" height=\"10px\" viewBox=\"0 0 24 24\" version=\"1.2\" baseProfile=\"tiny\"><path d=\"M18.2 9.3l-6.2-6.3-6.2 6.3c-.2.2-.3.4-.3.7s.1.5.3.7c.2.2.4.3.7.3h11c.3 0 .5-.1.7-.3.2-.2.3-.5.3-.7s-.1-.5-.3-.7zM5.8 14.7l6.2 6.3 6.2-6.3c.2-.2.3-.5.3-.7s-.1-.5-.3-.7c-.2-.2-.4-.3-.7-.3h-11c-.3 0-.5.1-.7.3-.2.2-.3.5-.3.7s.1.5.3.7z\"\/><\/svg><\/span><\/span><\/span><\/a><\/span><\/div>\n<nav><ul class='ez-toc-list ez-toc-list-level-1 ' ><li class='ez-toc-page-1 ez-toc-heading-level-2'><a class=\"ez-toc-link ez-toc-heading-1\" href=\"https:\/\/www.aktifinternational.com\/fr\/quest-ce-quun-laser-fractionne\/#Quest-ce_quun_laser_fractionne\" title=\"Qu&#8217;est-ce qu&#8217;un laser fractionn\u00e9 ?\">Qu&#8217;est-ce qu&#8217;un laser fractionn\u00e9 ?<\/a><ul class='ez-toc-list-level-3' ><li class='ez-toc-heading-level-3'><a class=\"ez-toc-link ez-toc-heading-2\" href=\"https:\/\/www.aktifinternational.com\/fr\/quest-ce-quun-laser-fractionne\/#Comment_fonctionne_le_laser_fractionne\" title=\"Comment fonctionne le laser fractionn\u00e9 ?\">Comment fonctionne le laser fractionn\u00e9 ?<\/a><\/li><li class='ez-toc-page-1 ez-toc-heading-level-3'><a class=\"ez-toc-link ez-toc-heading-3\" href=\"https:\/\/www.aktifinternational.com\/fr\/quest-ce-quun-laser-fractionne\/#A_quoi_sert_le_laser_fractionne\" title=\"\u00c0 quoi sert le laser fractionn\u00e9 ?\">\u00c0 quoi sert le laser fractionn\u00e9 ?<\/a><\/li><li class='ez-toc-page-1 ez-toc-heading-level-3'><a class=\"ez-toc-link ez-toc-heading-4\" href=\"https:\/\/www.aktifinternational.com\/fr\/quest-ce-quun-laser-fractionne\/#Sur_quelles_zones_peut-on_appliquer_le_laser_fractionne_Dans_quelles_situations_est-il_utilise\" title=\"Sur quelles zones peut-on appliquer le laser fractionn\u00e9 ? Dans quelles situations est-il utilis\u00e9 ?\">Sur quelles zones peut-on appliquer le laser fractionn\u00e9 ? Dans quelles situations est-il utilis\u00e9 ?<\/a><\/li><li class='ez-toc-page-1 ez-toc-heading-level-3'><a class=\"ez-toc-link ez-toc-heading-5\" href=\"https:\/\/www.aktifinternational.com\/fr\/quest-ce-quun-laser-fractionne\/#Comment_se_deroule_une_seance_de_laser_fractionne\" title=\"Comment se d\u00e9roule une s\u00e9ance de laser fractionn\u00e9 ?\">Comment se d\u00e9roule une s\u00e9ance de laser fractionn\u00e9 ?<\/a><\/li><\/ul><\/li><li class='ez-toc-page-1 ez-toc-heading-level-2'><a class=\"ez-toc-link ez-toc-heading-6\" href=\"https:\/\/www.aktifinternational.com\/fr\/quest-ce-quun-laser-fractionne\/#Questions_frequentes\" title=\"Questions fr\u00e9quentes\">Questions fr\u00e9quentes<\/a><ul class='ez-toc-list-level-3' ><li class='ez-toc-heading-level-3'><a class=\"ez-toc-link ez-toc-heading-7\" href=\"https:\/\/www.aktifinternational.com\/fr\/quest-ce-quun-laser-fractionne\/#A_qui_convient_le_laser_fractionne\" title=\"\u00c0 qui convient le laser fractionn\u00e9 ?\">\u00c0 qui convient le laser fractionn\u00e9 ?<\/a><\/li><li class='ez-toc-page-1 ez-toc-heading-level-3'><a class=\"ez-toc-link ez-toc-heading-8\" href=\"https:\/\/www.aktifinternational.com\/fr\/quest-ce-quun-laser-fractionne\/#Le_laser_fractionne_est-il_douloureux\" title=\"Le laser fractionn\u00e9 est-il douloureux ?\">Le laser fractionn\u00e9 est-il douloureux ?<\/a><\/li><li class='ez-toc-page-1 ez-toc-heading-level-3'><a class=\"ez-toc-link ez-toc-heading-9\" href=\"https:\/\/www.aktifinternational.com\/fr\/quest-ce-quun-laser-fractionne\/#Combien_de_seances_faut-il\" title=\"Combien de s\u00e9ances faut-il ?\">Combien de s\u00e9ances faut-il ?<\/a><\/li><li class='ez-toc-page-1 ez-toc-heading-level-3'><a class=\"ez-toc-link ez-toc-heading-10\" href=\"https:\/\/www.aktifinternational.com\/fr\/quest-ce-quun-laser-fractionne\/#Le_laser_fractionne_est-il_efficace_contre_les_cicatrices_dacne\" title=\"Le laser fractionn\u00e9 est-il efficace contre les cicatrices d\u2019acn\u00e9 ?\">Le laser fractionn\u00e9 est-il efficace contre les cicatrices d\u2019acn\u00e9 ?<\/a><\/li><li class='ez-toc-page-1 ez-toc-heading-level-3'><a class=\"ez-toc-link ez-toc-heading-11\" href=\"https:\/\/www.aktifinternational.com\/fr\/quest-ce-quun-laser-fractionne\/#Quest-ce_que_le_traitement_des_vergetures_au_laser_fractionne\" title=\"Qu\u2019est-ce que le traitement des vergetures au laser fractionn\u00e9 ?\">Qu\u2019est-ce que le traitement des vergetures au laser fractionn\u00e9 ?<\/a><\/li><li class='ez-toc-page-1 ez-toc-heading-level-3'><a class=\"ez-toc-link ez-toc-heading-12\" href=\"https:\/\/www.aktifinternational.com\/fr\/quest-ce-quun-laser-fractionne\/#Quand_le_visage_guerit-il_apres_un_laser_fractionne_Quand_peut-on_le_laver\" title=\"Quand le visage gu\u00e9rit-il apr\u00e8s un laser fractionn\u00e9 ? Quand peut-on le laver ?\">Quand le visage gu\u00e9rit-il apr\u00e8s un laser fractionn\u00e9 ? Quand peut-on le laver ?<\/a><\/li><li class='ez-toc-page-1 ez-toc-heading-level-3'><a class=\"ez-toc-link ez-toc-heading-13\" href=\"https:\/\/www.aktifinternational.com\/fr\/quest-ce-quun-laser-fractionne\/#Comment_prendre_soin_de_la_peau_apres_un_laser_fractionne\" title=\"Comment prendre soin de la peau apr\u00e8s un laser fractionn\u00e9 ?\">Comment prendre soin de la peau apr\u00e8s un laser fractionn\u00e9 ?<\/a><\/li><li class='ez-toc-page-1 ez-toc-heading-level-3'><a class=\"ez-toc-link ez-toc-heading-14\" href=\"https:\/\/www.aktifinternational.com\/fr\/quest-ce-quun-laser-fractionne\/#Quest-ce_qui_est_plus_efficace_laiguille_doree_ou_le_laser_fractionne\" title=\"Qu\u2019est-ce qui est plus efficace : l\u2019aiguille dor\u00e9e ou le laser fractionn\u00e9 ?\">Qu\u2019est-ce qui est plus efficace : l\u2019aiguille dor\u00e9e ou le laser fractionn\u00e9 ?<\/a><\/li><\/ul><\/li><\/ul><\/nav><\/div>\n<h2><span class=\"ez-toc-section\" id=\"Quest-ce_quun_laser_fractionne\"><\/span>Qu&#8217;est-ce qu&#8217;un laser fractionn\u00e9 ?<span class=\"ez-toc-section-end\"><\/span><\/h2>\n<p>Le laser fractionn\u00e9 est une technologie laser contr\u00f4l\u00e9e et cibl\u00e9e utilis\u00e9e pour le renouvellement et la r\u00e9paration de la peau, et il poss\u00e8de un effet stimulant sur la production de collag\u00e8ne dans le corps. Le principe essentiel de cette proc\u00e9dure consiste \u00e0 cr\u00e9er de micro-l\u00e9sions dans la peau afin d\u2019activer les m\u00e9canismes naturels de r\u00e9paration de l\u2019organisme. Comme ces micro-l\u00e9sions sont cr\u00e9\u00e9es intentionnellement, il est extr\u00eamement important que l\u2019appareil se concentre de mani\u00e8re pr\u00e9cise et contr\u00f4l\u00e9e sur des zones bien d\u00e9finies.<\/p>\n<p>Il convient de souligner que ce processus d\u00e9licat de cr\u00e9ation de micro-l\u00e9sions n\u00e9cessite une r\u00e9elle expertise ; c\u2019est pourquoi la proc\u00e9dure doit toujours \u00eatre r\u00e9alis\u00e9e par des sp\u00e9cialistes exp\u00e9riment\u00e9s dans des \u00e9tablissements m\u00e9dicaux proposant des traitements au laser fractionn\u00e9.<\/p>\n<p>Gr\u00e2ce \u00e0 ces micro-l\u00e9sions, la production de collag\u00e8ne et d\u2019\u00e9lastine augmente. Comme on le sait, le collag\u00e8ne est le composant structurel principal qui donne \u00e0 la peau sa fermet\u00e9 et son apparence jeune. Avec les ann\u00e9es, la diminution du collag\u00e8ne entra\u00eene rides, rel\u00e2chement, cicatrices et probl\u00e8mes de pigmentation. Le laser fractionn\u00e9 stimule de nouveau cette production et soutient la r\u00e9g\u00e9n\u00e9ration naturelle de la peau. Mais comment fonctionne-t-il ?<\/p>\n<h3><span class=\"ez-toc-section\" id=\"Comment_fonctionne_le_laser_fractionne\"><\/span>Comment fonctionne le laser fractionn\u00e9 ?<span class=\"ez-toc-section-end\"><\/span><\/h3>\n<p>Dans cette m\u00e9thode, les faisceaux laser ne sont pas appliqu\u00e9s en une seule pi\u00e8ce, mais sous forme de micro-colonnes (zones microthermiques). Cela signifie que l\u2019ensemble de la surface cutan\u00e9e n\u2019est pas trait\u00e9, mais seulement des points sp\u00e9cifiques. Le corps per\u00e7oit ces zones comme des r\u00e9gions n\u00e9cessitant une r\u00e9paration.<\/p>\n<p>Cette perception active les fibroblastes, qui produisent du nouveau collag\u00e8ne et de l\u2019\u00e9lastine. Ces tissus nouvellement form\u00e9s d\u00e9clenchent un processus de r\u00e9paration contr\u00f4l\u00e9, donnant \u00e0 la peau un aspect plus lisse, plus ferme et plus \u00e9clatant.<\/p>\n<p>La principale diff\u00e9rence avec les lasers traditionnels est que cette m\u00e9thode cible des zones pr\u00e9cises sans retirer ou resurfacer toute la peau. Cela r\u00e9duit le temps de r\u00e9cup\u00e9ration et diminue les risques d\u2019effets secondaires. C\u2019est pourquoi elle est largement utilis\u00e9e aujourd\u2019hui pour les cicatrices d\u2019acn\u00e9, les probl\u00e8mes de pigmentation, les signes de vieillissement et les pores dilat\u00e9s.<\/p>\n<h3><span class=\"ez-toc-section\" id=\"A_quoi_sert_le_laser_fractionne\"><\/span>\u00c0 quoi sert le laser fractionn\u00e9 ?<span class=\"ez-toc-section-end\"><\/span><\/h3>\n<p>Le laser fractionn\u00e9 est utilis\u00e9 pour renouveler la texture de la peau et obtenir une apparence plus saine et plus lisse. L\u2019objectif n\u2019est pas seulement d\u2019am\u00e9liorer la surface cutan\u00e9e, mais aussi de stimuler la r\u00e9paration et la revitalisation des couches profondes. Gr\u00e2ce aux micro-l\u00e9sions cr\u00e9\u00e9es pendant la proc\u00e9dure, la peau d\u00e9clenche son propre processus de r\u00e9paration, devenant plus ferme, plus lumineuse et plus uniforme.<\/p>\n<p>Ce traitement est particuli\u00e8rement recommand\u00e9 pour les irr\u00e9gularit\u00e9s du teint, les cicatrices d\u2019acn\u00e9, les ridules et les taches post-acn\u00e9. Il est \u00e9galement efficace pour resserrer la peau, r\u00e9duire les pores dilat\u00e9s et am\u00e9liorer l\u2019aspect terne et fatigu\u00e9. Lorsqu\u2019il est appliqu\u00e9 correctement et r\u00e9guli\u00e8rement, il procure une nette sensation de renouvellement au fil du temps.<\/p>\n<p>Un autre avantage important du laser fractionn\u00e9 est qu\u2019il imite le processus naturel de gu\u00e9rison de la peau. Au lieu d\u2019une intervention artificielle, il stimule la capacit\u00e9 de r\u00e9g\u00e9n\u00e9ration naturelle de la peau, donnant des r\u00e9sultats plus \u00e9quilibr\u00e9s et naturels.<\/p>\n<h3><span class=\"ez-toc-section\" id=\"Sur_quelles_zones_peut-on_appliquer_le_laser_fractionne_Dans_quelles_situations_est-il_utilise\"><\/span>Sur quelles zones peut-on appliquer le laser fractionn\u00e9 ? Dans quelles situations est-il utilis\u00e9 ?<span class=\"ez-toc-section-end\"><\/span><\/h3>\n<p>Le laser fractionn\u00e9 n\u2019est pas limit\u00e9 au visage. C\u2019est une m\u00e9thode polyvalente qui peut \u00eatre appliqu\u00e9e \u00e0 diff\u00e9rentes zones du corps selon les besoins. Toutefois, la dose du traitement, le nombre de s\u00e9ances et les r\u00e9glages de l\u2019appareil peuvent varier selon la zone, d\u2019o\u00f9 la n\u00e9cessit\u00e9 d\u2019une approche personnalis\u00e9e.<\/p>\n<p>En g\u00e9n\u00e9ral, le laser fractionn\u00e9 peut \u00eatre appliqu\u00e9 aux zones suivantes et pour les situations suivantes :<\/p>\n<ul>\n<li>Visage (front, joues, menton, ailes du nez)<\/li>\n<li>Cou et d\u00e9collet\u00e9<\/li>\n<li>Mains<\/li>\n<li>Dos et \u00e9paules<\/li>\n<li>Abdomen, hanches et cuisses (surtout pour les vergetures)<\/li>\n<li>Genoux et coudes<\/li>\n<\/ul>\n<p>Les probl\u00e8mes cutan\u00e9s les plus souvent trait\u00e9s sont :<\/p>\n<ul>\n<li>Cicatrices d\u2019acn\u00e9 et cicatrices en creux<\/li>\n<li>Taches solaires et taches de vieillesse<\/li>\n<li>Ridules et signes de vieillissement<\/li>\n<li>Pores dilat\u00e9s<\/li>\n<li>Teint irr\u00e9gulier<\/li>\n<li>Vergetures li\u00e9es \u00e0 la grossesse ou aux variations de poids<\/li>\n<li>Cicatrices chirurgicales et cicatrices de br\u00fblure<\/li>\n<\/ul>\n<p>Bien qu\u2019il ait un large champ d\u2019application, le laser fractionn\u00e9 ne convient pas \u00e0 tous les types de peau ou toutes les situations. Une \u00e9valuation dermatologique pr\u00e9alable est indispensable.<\/p>\n<h3><span class=\"ez-toc-section\" id=\"Comment_se_deroule_une_seance_de_laser_fractionne\"><\/span>Comment se d\u00e9roule une s\u00e9ance de laser fractionn\u00e9 ?<span class=\"ez-toc-section-end\"><\/span><\/h3>\n<p>Une s\u00e9ance de laser fractionn\u00e9 dure g\u00e9n\u00e9ralement entre 30 et 60 minutes. Avant le traitement, la peau est soigneusement nettoy\u00e9e et une cr\u00e8me anesth\u00e9siante est appliqu\u00e9e. Apr\u00e8s une attente d\u2019environ 30 \u00e0 40 minutes, la proc\u00e9dure commence.<\/p>\n<p>L\u2019appareil est r\u00e9gl\u00e9 selon les besoins de la peau. Les faisceaux laser sont d\u00e9livr\u00e9s sous forme de micro-colonnes, cr\u00e9ant des micro-l\u00e9sions contr\u00f4l\u00e9es dans les zones cibl\u00e9es. Pendant la proc\u00e9dure, la plupart des personnes ressentent un l\u00e9ger picotement ou de la chaleur. Apr\u00e8s la s\u00e9ance, des cr\u00e8mes apaisantes et r\u00e9paratrices sont appliqu\u00e9es.<\/p>\n<p>Rougeur, gonflement l\u00e9ger et sensibilit\u00e9 peuvent appara\u00eetre apr\u00e8s le traitement ; ces r\u00e9actions sont normales et s\u2019am\u00e9liorent g\u00e9n\u00e9ralement en quelques jours. Selon l\u2019\u00e9tat de la peau, le traitement peut \u00eatre planifi\u00e9 en une ou plusieurs s\u00e9ances.<\/p>\n<h2 style=\"text-align: center;\"><span class=\"ez-toc-section\" id=\"Questions_frequentes\"><\/span>Questions fr\u00e9quentes<span class=\"ez-toc-section-end\"><\/span><\/h2>\n<h3><span class=\"ez-toc-section\" id=\"A_qui_convient_le_laser_fractionne\"><\/span>\u00c0 qui convient le laser fractionn\u00e9 ?<span class=\"ez-toc-section-end\"><\/span><\/h3>\n<p>Le laser fractionn\u00e9 convient aux personnes ayant besoin d\u2019un renouvellement de la texture cutan\u00e9e ou pr\u00e9sentant certains probl\u00e8mes comme des cicatrices d\u2019acn\u00e9, une pigmentation, des ridules ou un teint irr\u00e9gulier. Il n\u2019est toutefois pas recommand\u00e9 en cas d\u2019acn\u00e9 active, de grossesse, d\u2019infections cutan\u00e9es ou de certaines maladies dermatologiques. Une \u00e9valuation sp\u00e9cialis\u00e9e est n\u00e9cessaire.<\/p>\n<h3><span class=\"ez-toc-section\" id=\"Le_laser_fractionne_est-il_douloureux\"><\/span>Le laser fractionn\u00e9 est-il douloureux ?<span class=\"ez-toc-section-end\"><\/span><\/h3>\n<p>Comme une cr\u00e8me anesth\u00e9siante est appliqu\u00e9e au pr\u00e9alable, la douleur est fortement r\u00e9duite. Cependant, un l\u00e9ger picotement, une sensation de br\u00fblure ou de chaleur peut \u00eatre ressenti. La plupart des personnes jugent cette g\u00eane tout \u00e0 fait supportable. Une sensibilit\u00e9 l\u00e9g\u00e8re peut persister bri\u00e8vement apr\u00e8s la s\u00e9ance.<\/p>\n<h3><span class=\"ez-toc-section\" id=\"Combien_de_seances_faut-il\"><\/span>Combien de s\u00e9ances faut-il ?<span class=\"ez-toc-section-end\"><\/span><\/h3>\n<p>Le nombre de s\u00e9ances d\u00e9pend des probl\u00e8mes cutan\u00e9s, du type de peau et des attentes. Alors que 1 \u00e0 2 s\u00e9ances peuvent suffire pour des probl\u00e8mes l\u00e9gers, 4 \u00e0 6 s\u00e9ances peuvent \u00eatre n\u00e9cessaires pour des cicatrices profondes ou des vergetures marqu\u00e9es. Les s\u00e9ances sont g\u00e9n\u00e9ralement espac\u00e9es de 3 \u00e0 6 semaines.<\/p>\n<h3><span class=\"ez-toc-section\" id=\"Le_laser_fractionne_est-il_efficace_contre_les_cicatrices_dacne\"><\/span>Le laser fractionn\u00e9 est-il efficace contre les cicatrices d\u2019acn\u00e9 ?<span class=\"ez-toc-section-end\"><\/span><\/h3>\n<p>Oui, le laser fractionn\u00e9 est l\u2019un des traitements les plus efficaces pour les cicatrices d\u2019acn\u00e9. Il stimule la production de collag\u00e8ne dans les couches profondes, r\u00e9duisant progressivement la profondeur des cicatrices et lissant la surface cutan\u00e9e. Plusieurs s\u00e9ances peuvent toutefois \u00eatre n\u00e9cessaires pour les cicatrices profondes.<\/p>\n<h3><span class=\"ez-toc-section\" id=\"Quest-ce_que_le_traitement_des_vergetures_au_laser_fractionne\"><\/span>Qu\u2019est-ce que le traitement des vergetures au laser fractionn\u00e9 ?<span class=\"ez-toc-section-end\"><\/span><\/h3>\n<p>Les vergetures apparaissent lorsque les fibres de collag\u00e8ne sous la peau se d\u00e9chirent. Le laser fractionn\u00e9 stimule la production de nouveau collag\u00e8ne, \u00e9claircissant la couleur des vergetures et r\u00e9duisant leur profondeur. M\u00eame si l\u2019apparence s\u2019am\u00e9liore nettement, leur disparition compl\u00e8te n\u2019est pas toujours possible.<\/p>\n<h3><span class=\"ez-toc-section\" id=\"Quand_le_visage_guerit-il_apres_un_laser_fractionne_Quand_peut-on_le_laver\"><\/span>Quand le visage gu\u00e9rit-il apr\u00e8s un laser fractionn\u00e9 ? Quand peut-on le laver ?<span class=\"ez-toc-section-end\"><\/span><\/h3>\n<p>Apr\u00e8s une s\u00e9ance, le visage reste g\u00e9n\u00e9ralement rouge et sensible pendant quelques jours. La rougeur varie selon les personnes, mais diminue en g\u00e9n\u00e9ral dans un d\u00e9lai de 3 \u00e0 7 jours. Une l\u00e9g\u00e8re desquamation peut survenir dans le cadre du processus de renouvellement.<\/p>\n<p>Le visage peut g\u00e9n\u00e9ralement \u00eatre lav\u00e9 24 heures apr\u00e8s la s\u00e9ance, avec de l\u2019eau ti\u00e8de et un nettoyant doux. Pendant les premiers jours, il faut \u00e9viter les gommages, les exfoliants agressifs et l\u2019eau chaude.<\/p>\n<h3><span class=\"ez-toc-section\" id=\"Comment_prendre_soin_de_la_peau_apres_un_laser_fractionne\"><\/span>Comment prendre soin de la peau apr\u00e8s un laser fractionn\u00e9 ?<span class=\"ez-toc-section-end\"><\/span><\/h3>\n<p>Les soins post-traitement sont essentiels pour assurer le succ\u00e8s de la proc\u00e9dure. Comme la peau est sensible, elle n\u00e9cessite une attention particuli\u00e8re.<\/p>\n<p>Points importants :<\/p>\n<ul>\n<li>\u00c9viter les produits irritants les premiers jours<\/li>\n<li>Utiliser une protection solaire \u00e0 indice \u00e9lev\u00e9<\/li>\n<li>Appliquer des cr\u00e8mes r\u00e9paratrices et apaisantes<\/li>\n<li>Ne pas toucher ou gratter la peau<\/li>\n<li>\u00c9viter hammam, sauna et solarium durant un certain temps<\/li>\n<li>Boire beaucoup d\u2019eau pour soutenir la peau de l\u2019int\u00e9rieur<\/li>\n<\/ul>\n<p>En respectant ces \u00e9tapes, la gu\u00e9rison s\u2019acc\u00e9l\u00e8re et les r\u00e9sultats deviennent plus efficaces.<\/p>\n<h3><span class=\"ez-toc-section\" id=\"Quest-ce_qui_est_plus_efficace_laiguille_doree_ou_le_laser_fractionne\"><\/span>Qu\u2019est-ce qui est plus efficace : l\u2019aiguille dor\u00e9e ou le laser fractionn\u00e9 ?<span class=\"ez-toc-section-end\"><\/span><\/h3>\n<p>La r\u00e9ponse d\u00e9pend des besoins et attentes de chaque personne. Par exemple, le laser fractionn\u00e9 est souvent pr\u00e9f\u00e9r\u00e9 pour les cicatrices, la pigmentation et la r\u00e9g\u00e9n\u00e9ration profonde, tandis que l\u2019aiguille dor\u00e9e est plus adapt\u00e9e au raffermissement, \u00e0 la r\u00e9duction des pores et au rajeunissement global.<\/p>\n<p>Dans certains cas, les deux m\u00e9thodes peuvent \u00eatre combin\u00e9es pour un effet renforc\u00e9. Le choix le plus appropri\u00e9 ne peut \u00eatre d\u00e9termin\u00e9 qu\u2019apr\u00e8s une analyse cutan\u00e9e et une \u00e9valuation par un sp\u00e9cialiste.<\/p>\n<hr \/>\n<p>E\u011fer istersen, metnin Frans\u0131zca SEO uyumlu versiyonunu veya blog format\u0131na g\u00f6re daha ak\u0131c\u0131 h\u00e2lini de haz\u0131rlayabilirim.<\/p>\n","protected":false},"excerpt":{"rendered":"<p>Temps de lecture estim\u00e9 : 12 minutes 40 secondes Qu&#8217;est-ce qu&#8217;un laser fractionn\u00e9 ? Le laser fractionn\u00e9 est une technologie laser contr\u00f4l\u00e9e et cibl\u00e9e utilis\u00e9e pour le renouvellement et la r\u00e9paration de la peau, et il poss\u00e8de un effet stimulant sur la production de collag\u00e8ne dans le corps. Le principe essentiel de cette proc\u00e9dure consiste [&hellip;]<\/p>\n","protected":false},"author":4,"featured_media":10155,"comment_status":"open","ping_status":"open","sticky":false,"template":"","format":"standard","meta":{"footnotes":""},"categories":[17],"tags":[],"class_list":["post-10143","post","type-post","status-publish","format-standard","has-post-thumbnail","hentry","category-blog"],"_links":{"self":[{"href":"https:\/\/www.aktifinternational.com\/fr\/wp-json\/wp\/v2\/posts\/10143","targetHints":{"allow":["GET"]}}],"collection":[{"href":"https:\/\/www.aktifinternational.com\/fr\/wp-json\/wp\/v2\/posts"}],"about":[{"href":"https:\/\/www.aktifinternational.com\/fr\/wp-json\/wp\/v2\/types\/post"}],"author":[{"embeddable":true,"href":"https:\/\/www.aktifinternational.com\/fr\/wp-json\/wp\/v2\/users\/4"}],"replies":[{"embeddable":true,"href":"https:\/\/www.aktifinternational.com\/fr\/wp-json\/wp\/v2\/comments?post=10143"}],"version-history":[{"count":1,"href":"https:\/\/www.aktifinternational.com\/fr\/wp-json\/wp\/v2\/posts\/10143\/revisions"}],"predecessor-version":[{"id":10144,"href":"https:\/\/www.aktifinternational.com\/fr\/wp-json\/wp\/v2\/posts\/10143\/revisions\/10144"}],"wp:featuredmedia":[{"embeddable":true,"href":"https:\/\/www.aktifinternational.com\/fr\/wp-json\/wp\/v2\/media\/10155"}],"wp:attachment":[{"href":"https:\/\/www.aktifinternational.com\/fr\/wp-json\/wp\/v2\/media?parent=10143"}],"wp:term":[{"taxonomy":"category","embeddable":true,"href":"https:\/\/www.aktifinternational.com\/fr\/wp-json\/wp\/v2\/categories?post=10143"},{"taxonomy":"post_tag","embeddable":true,"href":"https:\/\/www.aktifinternational.com\/fr\/wp-json\/wp\/v2\/tags?post=10143"}],"curies":[{"name":"wp","href":"https:\/\/api.w.org\/{rel}","templated":true}]}}